{"id":93856,"date":"2019-06-06T11:36:26","date_gmt":"2019-06-06T10:36:26","guid":{"rendered":"http:\/\/www.elche.es\/va\/?p=93856"},"modified":"2019-06-06T11:36:26","modified_gmt":"2019-06-06T10:36:26","slug":"talls-de-carrer-o-limitacio-destacionament-previstos-per-a-aquests-proxims-dies-7-al-13-de-juny","status":"publish","type":"post","link":"https:\/\/www.elche.es\/va\/2019\/06\/talls-de-carrer-o-limitacio-destacionament-previstos-per-a-aquests-proxims-dies-7-al-13-de-juny\/","title":{"rendered":"Talls de carrer o limitaci\u00f3 d&#8217;estacionament previstos per a aquests pr\u00f2xims dies (7 al 13 de juny)"},"content":{"rendered":"<p>Esdeveniments:<br \/>\n# Trasllat tron<br \/>\n&#x1f4c6; 7 de juny<br \/>\n\u23f0\u00a017.00<br \/>\n&#x1f4cd; Itinerari d&#8217;anada: Quinto Albio Horaci, 30, av. de Candalix,\u00a0Nuestra se\u00f1ora de la Cabeza (en contra direcci\u00f3), recinte Harinas Serrano.<br \/>\n&#x1f4cd; Itinerari de retorn: Nuestra se\u00f1ora de la Cabeza, Porta d&#8217;Alacant, Andr\u00e9s Torrej\u00f3n, Quinto Albio Horaci.<br \/>\n&#x1f6ab; Des de les 15.00 fins a les 20.00 en Quinto\u00a0Albio Horaci n\u00fam.30, costat que contronta amb Candalix<br \/>\n\u26d4\ufe0f Cap a\u00a0Nuestra se\u00f1ora de la Cabeza des de l&#8217;av. Alcalde Vicente Quiles Fuentes.<\/p>\n<p># Imposici\u00f3 bandes (comissi\u00f3 Baltasar Tristany)<br \/>\n&#x1f4c6; 8 de juny<br \/>\n\u23f0 22.00<br \/>\n&#x1f4cd; CEIP &#8220;L&#8217;Assumpci\u00f3&#8221;<br \/>\n&#x1f6ab; Des de les 21.00 al carrer Reina Vict\u00f2ria (entre Capit\u00e0 Antoni Mena i Concepci\u00f3n Arenal)<\/p>\n<p># Cercavila i ofrena<br \/>\n&#x1f4c6; 9 de juny<br \/>\n\u23f0 10.30<br \/>\n&#x1f4cd; Itinerari: Olmo, Advocats d&#8217;Atocha, Morera, Taronger, Olmo.<br \/>\n\u26d4\ufe0f Cap a l&#8217;itinerari<\/p>\n<p># Concentraci\u00f3 (malestar pensions)<br \/>\n&#x1f4c6; 10 de juny<br \/>\n\u23f0 19.00 (1 h)<br \/>\n&#x1f4cd;Pla\u00e7a de Baix<\/p>\n<p>&lt;&lt;FESTIVITAT BON PASTOR&gt;&gt;<br \/>\n# Festa<br \/>\n&#x1f4c6; 8 de juny<br \/>\n\u23f0 10.00<br \/>\n&#x1f4cd; Joaquim Garc\u00eda Mora (entre av. de Novelda i Antonio Garc\u00eda Cayuelas)<br \/>\n&#x1f6ab; Des de les 08.00 del dia 8 fins a les 24.00 del diumenge 9 de juny<br \/>\n\u26d4\ufe0f Cap al tram ressenyat<\/p>\n<p># Process\u00f3<br \/>\n&#x1f4c6; 9 de juny<br \/>\n\u23f0 20.00<br \/>\n&#x1f4cd; Itinerari: parr\u00f2quia el Bon Pastor, Joaquim Garc\u00eda Mora, Ausi\u00e0s March, Jos\u00e9 G\u00f3mez Mompe\u00e1n, Manuel Vicente Pastor, Jos\u00e9 Javaloyes Orts, av. Novelda, Joaquim Garc\u00eda Mora a parr\u00f2quia.<br \/>\n\u26d4\ufe0f Cap a l&#8217;itinerari<\/p>\n<p>&lt;&lt; FESTES SANT PASQUAL (TOSCAR)&gt;&gt;<br \/>\n# Process\u00f3<br \/>\n&#x1f4c6; 9 de juny<br \/>\n\u23f0 19.00<br \/>\n&#x1f4cd;\u00a0Itinerari: ermita de Sant Pasqual, Vene\u00e7uela, Alausa, Jos\u00e9 D\u00edez Mora, Emilio Hern\u00e1ndez Selva, Juan D\u00edez Mart\u00ednez, Sollana , finalitzant en l&#8217;ermita.<br \/>\n\u26d4\ufe0f Cap a l&#8217;itinerari<br \/>\n\u2139 Durant el mat\u00ed dels dies 8 i 9, cercavila amb dol\u00e7aina i tabalet pels voltants de l&#8217;ermita<\/p>\n<p>&lt;&lt;FESTES SANT ANTONI P\u00c0DUA (LA FOIA)&gt;&gt;<br \/>\n# Xaranga<br \/>\n&#x1f4c6; 8 de juny<br \/>\n\u23f0 20.00<br \/>\n&#x1f4cd;Itinerari: eixida des del restaurant El Nugolat, cam\u00ed del Canal de Regs de Llevant, Europa, Llenya, av. de Sant Antoni de P\u00e0dua, Andr\u00e9s Boix Agull\u00f3, finalitzant en l&#8217;institut.<br \/>\n&#x1f6ab; Des de les 15.00 en av. Sant Antoni de P\u00e0dua, tots dos costats (entre El Progr\u00e9s i la c\/ Llenya)<br \/>\n&#x1f6ab; Des de les 15.00 en El Progr\u00e9s (entre av. Sant Antoni de P\u00e0dua i Sant Andreu)<br \/>\n&#x1f6ab; Des de les 15.00 en Llenya\/Empar, tots dos costats (entre els carrers: av. Sant Antoni de P\u00e0dua fins al carrer Terme)<br \/>\n&#x1f6ab; Des de les 15.00 en carrer Europa.<br \/>\n\u26d4\ufe0f Cap a l&#8217;itinerari<br \/>\n\u2139 L&#8217;activitat en les barraques s&#8217;inicia el 31 de maig i finalitza el 16 de juny<\/p>\n<p># Romeria Sant Antoni de P\u00e0dua.<br \/>\n&#x1f4c6; 9 de juny<br \/>\n\u23f0 08.30<br \/>\n&#x1f4cd; Itinerari: eixida: esgl\u00e9sia, av. Sant Antoni P\u00e0dua, Llenya, Europa, Terme, cam\u00ed Fond\u00f3 de l&#8217;Ermita, cam\u00ed Travessia Sempero, cam\u00ed de la Regal\u00edcia, escoles de Daim\u00e9s (al costat del\u00a0riu Vinalop\u00f3), on s&#8217;acampar\u00e0 i es realitzaran diverses activitats.<br \/>\n# Romeria de Sant Antoni de P\u00e0dua<br \/>\n\u23f0 18.00<br \/>\n&#x1f4cd; Itinerari: retorn: cam\u00ed de la Regal\u00edcia, restaurant Nugolat (on es realitzar\u00e0 una parada), cam\u00ed del Canal, Europa, Llenya, av. Sant Antoni de P\u00e0dua a esgl\u00e9sia.<br \/>\n&#x1f6ab; Des de les 07.00 a Sant Antoni de P\u00e0dua (des d&#8217;encreuament Progr\u00e9s fins a Llenya), i en carrer Llenya (entre Sant Antoni de P\u00e0dua i Europa)<br \/>\n\u26d4\ufe0f Cap a l&#8217;itinerari<\/p>\n<p>Rep informaci\u00f3 A L&#8217;INSTANT amb #Telegram i consulta els esdeveniments previstos. M\u00e9s info: <a href=\"https:\/\/t.me\/policiaelche\">https:\/\/t.me\/policiaelche<\/a><\/p>\n<p>&#x1f50e; Localitzador de vehicles traslladats: <a href=\"http:\/\/bit.ly\/locdv3\">bit.ly\/locdv3<\/a><\/p>\n<p><img loading=\"lazy\" decoding=\"async\" class=\"alignnone size-medium wp-image-93847\" src=\"https:\/\/www.elche.es\/wp-content\/uploads\/2019\/06\/Captura-de-pantalla-2019-06-05-a-las-12.46.01-300x208.png\" alt=\"Captura de pantalla 2019-06-05 a las 12.46.01\" width=\"300\" height=\"208\" srcset=\"https:\/\/www.elche.es\/wp-content\/uploads\/2019\/06\/Captura-de-pantalla-2019-06-05-a-las-12.46.01-300x208.png 300w, https:\/\/www.elche.es\/wp-content\/uploads\/2019\/06\/Captura-de-pantalla-2019-06-05-a-las-12.46.01.png 747w\" sizes=\"auto, (max-width: 300px) 100vw, 300px\" \/> <img loading=\"lazy\" decoding=\"async\" class=\"alignnone size-medium wp-image-93849\" src=\"https:\/\/www.elche.es\/wp-content\/uploads\/2019\/06\/Captura-de-pantalla-2019-06-05-a-las-8.35.53-300x207.png\" alt=\"Captura de pantalla 2019-06-05 a las 8.35.53\" width=\"300\" height=\"207\" srcset=\"https:\/\/www.elche.es\/wp-content\/uploads\/2019\/06\/Captura-de-pantalla-2019-06-05-a-las-8.35.53-300x207.png 300w, https:\/\/www.elche.es\/wp-content\/uploads\/2019\/06\/Captura-de-pantalla-2019-06-05-a-las-8.35.53-768x531.png 768w, https:\/\/www.elche.es\/wp-content\/uploads\/2019\/06\/Captura-de-pantalla-2019-06-05-a-las-8.35.53-1024x708.png 1024w, https:\/\/www.elche.es\/wp-content\/uploads\/2019\/06\/Captura-de-pantalla-2019-06-05-a-las-8.35.53.png 1245w\" sizes=\"auto, (max-width: 300px) 100vw, 300px\" \/> <img loading=\"lazy\" decoding=\"async\" class=\"alignnone size-medium wp-image-93851\" src=\"https:\/\/www.elche.es\/wp-content\/uploads\/2019\/06\/Captura-de-pantalla-2019-06-05-a-las-12.45.43-300x208.png\" alt=\"Captura de pantalla 2019-06-05 a las 12.45.43\" width=\"300\" height=\"208\" srcset=\"https:\/\/www.elche.es\/wp-content\/uploads\/2019\/06\/Captura-de-pantalla-2019-06-05-a-las-12.45.43-300x208.png 300w, https:\/\/www.elche.es\/wp-content\/uploads\/2019\/06\/Captura-de-pantalla-2019-06-05-a-las-12.45.43.png 715w\" sizes=\"auto, (max-width: 300px) 100vw, 300px\" \/> <img loading=\"lazy\" decoding=\"async\" class=\"alignnone size-medium wp-image-93853\" src=\"https:\/\/www.elche.es\/wp-content\/uploads\/2019\/06\/Captura-de-pantalla-2019-06-05-a-las-12.45.31-300x208.png\" alt=\"Captura de pantalla 2019-06-05 a las 12.45.31\" width=\"300\" height=\"208\" srcset=\"https:\/\/www.elche.es\/wp-content\/uploads\/2019\/06\/Captura-de-pantalla-2019-06-05-a-las-12.45.31-300x208.png 300w, https:\/\/www.elche.es\/wp-content\/uploads\/2019\/06\/Captura-de-pantalla-2019-06-05-a-las-12.45.31.png 735w\" sizes=\"auto, (max-width: 300px) 100vw, 300px\" \/><\/p>\n","protected":false},"excerpt":{"rendered":"<p>Esdeveniments: # Trasllat tron &#x1f4c6; 7 de juny \u23f0\u00a017.00 &#x1f4cd; Itinerari d&#8217;anada: Quinto Albio Horaci, 30, av. de Candalix,\u00a0Nuestra se\u00f1ora de la Cabeza (en contra direcci\u00f3), recinte Harinas Serrano. &#x1f4cd; [&hellip;]<\/p>\n","protected":false},"author":15,"featured_media":93846,"comment_status":"closed","ping_status":"closed","sticky":false,"template":"","format":"standard","meta":{"footnotes":""},"categories":[882,1323],"tags":[],"class_list":["post-93856","post","type-post","status-publish","format-standard","has-post-thumbnail","hentry","category-incidencies-i-avisos","category-policia-local-trafico-va"],"_links":{"self":[{"href":"https:\/\/www.elche.es\/va\/wp-json\/wp\/v2\/posts\/93856","targetHints":{"allow":["GET"]}}],"collection":[{"href":"https:\/\/www.elche.es\/va\/wp-json\/wp\/v2\/posts"}],"about":[{"href":"https:\/\/www.elche.es\/va\/wp-json\/wp\/v2\/types\/post"}],"author":[{"embeddable":true,"href":"https:\/\/www.elche.es\/va\/wp-json\/wp\/v2\/users\/15"}],"replies":[{"embeddable":true,"href":"https:\/\/www.elche.es\/va\/wp-json\/wp\/v2\/comments?post=93856"}],"version-history":[{"count":0,"href":"https:\/\/www.elche.es\/va\/wp-json\/wp\/v2\/posts\/93856\/revisions"}],"wp:featuredmedia":[{"embeddable":true,"href":"https:\/\/www.elche.es\/va\/wp-json\/wp\/v2\/media\/93846"}],"wp:attachment":[{"href":"https:\/\/www.elche.es\/va\/wp-json\/wp\/v2\/media?parent=93856"}],"wp:term":[{"taxonomy":"category","embeddable":true,"href":"https:\/\/www.elche.es\/va\/wp-json\/wp\/v2\/categories?post=93856"},{"taxonomy":"post_tag","embeddable":true,"href":"https:\/\/www.elche.es\/va\/wp-json\/wp\/v2\/tags?post=93856"}],"curies":[{"name":"wp","href":"https:\/\/api.w.org\/{rel}","templated":true}]}}