{"id":95323,"date":"2019-07-01T07:43:47","date_gmt":"2019-07-01T06:43:47","guid":{"rendered":"http:\/\/www.elche.es\/va\/?p=95323"},"modified":"2019-07-01T07:43:47","modified_gmt":"2019-07-01T06:43:47","slug":"lajuntament-delx-celebra-el-dia-lgtbi-amb-desplegament-de-banderoles-de-larc-de-sant-marti-i-lectura-dun-manifest-reivindicatiu","status":"publish","type":"post","link":"https:\/\/www.elche.es\/va\/2019\/07\/lajuntament-delx-celebra-el-dia-lgtbi-amb-desplegament-de-banderoles-de-larc-de-sant-marti-i-lectura-dun-manifest-reivindicatiu\/","title":{"rendered":"L&#8217;Ajuntament d&#8217;Elx celebra el Dia LGTBI amb desplegament de banderoles de l&#8217;arc de Sant Mart\u00ed i lectura d&#8217;un manifest reivindicatiu"},"content":{"rendered":"<blockquote><p>Les corporacions locals reclamen m\u00e9s finan\u00e7ament per a garantir la igualtat efectiva de les persones<\/p>\n<p>&nbsp;<\/p><\/blockquote>\n<p>\u201cReclamem l&#8217;elaboraci\u00f3 i aplicaci\u00f3 d&#8217;una pol\u00edtica europea pluriennal de protecci\u00f3 dels drets fonamentals de les persones LGTBIQ+ que preste especial atenci\u00f3 a la discriminaci\u00f3 m\u00faltiple i a la viol\u00e8ncia l&#8217;origen de la qual es troba en l&#8217;orientaci\u00f3 sexual i en la identitat de g\u00e8nere\u201d, assenyala el manifest llegit pel regidor d&#8217;Igualtat, Drets Socials i Pol\u00edtiques Inclusives, Mariano Valera, en la pla\u00e7a de Baix amb motiu de la celebraci\u00f3 del Dia Internacional LGTBI, un acte en el qual tamb\u00e9 han estat l&#8217;alcalde, Carlos Gonz\u00e1lez, i membres de l&#8217;Equip de Govern i de la corporaci\u00f3 municipal.<\/p>\n<p>\u201cAfirmem que no s\u00f3n possibles les pol\u00edtiques d&#8217;igualtat sense els ajuntaments i reivindiquem la necessitat de dotar les entitats locals de finan\u00e7ament suficient per a dur a terme compet\u00e8ncies en aquesta mat\u00e8ria que ens permeten assegurar la implantaci\u00f3 adequada de totes les iniciatives necess\u00e0ries per a garantir la igualtat efectiva de les persones\u201d, precisa el manifest.<\/p>\n<p>Per a la commemoraci\u00f3 d&#8217;aquest Dia Internacional de l&#8217;Orgull LGTBI s&#8217;han desplegat dues banderoles amb els colors de l&#8217;arc de Sant Mart\u00ed, s&#8217;ha hissat una bandera del moviment en el Passeig de l&#8217;Estaci\u00f3 i aquest divendres -26 de juny- es va il\u00b7luminar el\u00a0Mol\u00ed\u00a0Real.<\/p>\n<p>Despr\u00e9s de la lectura del manifest davant m\u00e9s de mig centenar de persones, s&#8217;han soltat globus de colors com a s\u00edmbol de toler\u00e0ncia, respecte, igualtat i inclusi\u00f3.<\/p>\n<p>&gt;&gt;<a href=\"https:\/\/www.elche.es\/wp-content\/uploads\/2019\/06\/Manifiesto-D\u00eda-Internacional-LGTBI-2019.pdf\">MANIFEST<\/a><\/p>\n<p>&nbsp;<\/p>\n","protected":false},"excerpt":{"rendered":"<p>Les corporacions locals reclamen m\u00e9s finan\u00e7ament per a garantir la igualtat efectiva de les persones &nbsp; \u201cReclamem l&#8217;elaboraci\u00f3 i aplicaci\u00f3 d&#8217;una pol\u00edtica europea pluriennal de protecci\u00f3 dels drets fonamentals de [&hellip;]<\/p>\n","protected":false},"author":15,"featured_media":95320,"comment_status":"closed","ping_status":"closed","sticky":false,"template":"","format":"standard","meta":{"footnotes":""},"categories":[209],"tags":[],"class_list":["post-95323","post","type-post","status-publish","format-standard","has-post-thumbnail","hentry","category-igualtat-va"],"_links":{"self":[{"href":"https:\/\/www.elche.es\/va\/wp-json\/wp\/v2\/posts\/95323","targetHints":{"allow":["GET"]}}],"collection":[{"href":"https:\/\/www.elche.es\/va\/wp-json\/wp\/v2\/posts"}],"about":[{"href":"https:\/\/www.elche.es\/va\/wp-json\/wp\/v2\/types\/post"}],"author":[{"embeddable":true,"href":"https:\/\/www.elche.es\/va\/wp-json\/wp\/v2\/users\/15"}],"replies":[{"embeddable":true,"href":"https:\/\/www.elche.es\/va\/wp-json\/wp\/v2\/comments?post=95323"}],"version-history":[{"count":0,"href":"https:\/\/www.elche.es\/va\/wp-json\/wp\/v2\/posts\/95323\/revisions"}],"wp:featuredmedia":[{"embeddable":true,"href":"https:\/\/www.elche.es\/va\/wp-json\/wp\/v2\/media\/95320"}],"wp:attachment":[{"href":"https:\/\/www.elche.es\/va\/wp-json\/wp\/v2\/media?parent=95323"}],"wp:term":[{"taxonomy":"category","embeddable":true,"href":"https:\/\/www.elche.es\/va\/wp-json\/wp\/v2\/categories?post=95323"},{"taxonomy":"post_tag","embeddable":true,"href":"https:\/\/www.elche.es\/va\/wp-json\/wp\/v2\/tags?post=95323"}],"curies":[{"name":"wp","href":"https:\/\/api.w.org\/{rel}","templated":true}]}}