{"id":97150,"date":"2019-08-05T08:36:38","date_gmt":"2019-08-05T07:36:38","guid":{"rendered":"http:\/\/www.elche.es\/va\/?p=97150"},"modified":"2019-08-05T08:36:38","modified_gmt":"2019-08-05T07:36:38","slug":"detingudes-dues-persones-per-trafic-de-drogues-despres-dalerta-de-robatori","status":"publish","type":"post","link":"https:\/\/www.elche.es\/va\/2019\/08\/detingudes-dues-persones-per-trafic-de-drogues-despres-dalerta-de-robatori\/","title":{"rendered":"Detingudes dues persones per tr\u00e0fic de drogues despr\u00e9s d&#8217;alerta de robatori"},"content":{"rendered":"<ul>\n<li><strong>Els ve\u00efns de la zona van contactar amb la Policia Local en observar un possible robatori en habitatge per part dels ocupants d&#8217;un vehicle.<\/strong><\/li>\n<li><strong>Localitzat el turisme, es va comprovar la pres\u00e8ncia d&#8217;estupefaents i diners a l&#8217;interior.<\/strong><\/li>\n<\/ul>\n<p>El dia 2 d&#8217;agost, sobre les 23.15, la sala d&#8217;operacions de la Policia Local va rebre av\u00eds ve\u00efnal per la possible comissi\u00f3 d&#8217;un robatori a l&#8217;interior d&#8217;un habitatge situat en la rodalia del cam\u00ed de Pall\u00fas, per part dels ocupants d&#8217;un turisme.<\/p>\n<p>Patrulles de la brigada nocturna es van despla\u00e7ar fins al lloc, i es va unir a l&#8217;actuaci\u00f3 un indicatiu de Gu\u00e0rdia Civil, que tamb\u00e9 es trobava patrullant per la zona. Despr\u00e9s de realitzar una batuda per la zona, es va localitzar el vehicle amb dues persones al seu interior, se&#8217;ls va preguntar pels fets i es van observar maniobres per a ocultar alguna cosa sota els seients. De les comprovacions realitzades es van intervindre diverses dosis del que, presumiblement seria coca\u00efna, i m\u00e9s de 2.000 euros. Tots dos individus van ser detinguts per un presumpte delicte contra la salut p\u00fablica.<\/p>\n<p>El vehicle ja havia sigut vist aquella mateixa vesprada pels voltants. Es va prosseguir la investigaci\u00f3 d&#8217;altres possibles infraccions penals en depend\u00e8ncies policials.<\/p>\n","protected":false},"excerpt":{"rendered":"<p>Els ve\u00efns de la zona van contactar amb la Policia Local en observar un possible robatori en habitatge per part dels ocupants d&#8217;un vehicle. Localitzat el turisme, es va comprovar [&hellip;]<\/p>\n","protected":false},"author":15,"featured_media":97116,"comment_status":"closed","ping_status":"closed","sticky":false,"template":"","format":"standard","meta":{"footnotes":""},"categories":[238],"tags":[],"class_list":["post-97150","post","type-post","status-publish","format-standard","has-post-thumbnail","hentry","category-policia-local-va"],"_links":{"self":[{"href":"https:\/\/www.elche.es\/va\/wp-json\/wp\/v2\/posts\/97150","targetHints":{"allow":["GET"]}}],"collection":[{"href":"https:\/\/www.elche.es\/va\/wp-json\/wp\/v2\/posts"}],"about":[{"href":"https:\/\/www.elche.es\/va\/wp-json\/wp\/v2\/types\/post"}],"author":[{"embeddable":true,"href":"https:\/\/www.elche.es\/va\/wp-json\/wp\/v2\/users\/15"}],"replies":[{"embeddable":true,"href":"https:\/\/www.elche.es\/va\/wp-json\/wp\/v2\/comments?post=97150"}],"version-history":[{"count":0,"href":"https:\/\/www.elche.es\/va\/wp-json\/wp\/v2\/posts\/97150\/revisions"}],"wp:featuredmedia":[{"embeddable":true,"href":"https:\/\/www.elche.es\/va\/wp-json\/wp\/v2\/media\/97116"}],"wp:attachment":[{"href":"https:\/\/www.elche.es\/va\/wp-json\/wp\/v2\/media?parent=97150"}],"wp:term":[{"taxonomy":"category","embeddable":true,"href":"https:\/\/www.elche.es\/va\/wp-json\/wp\/v2\/categories?post=97150"},{"taxonomy":"post_tag","embeddable":true,"href":"https:\/\/www.elche.es\/va\/wp-json\/wp\/v2\/tags?post=97150"}],"curies":[{"name":"wp","href":"https:\/\/api.w.org\/{rel}","templated":true}]}}