{"id":97153,"date":"2019-08-05T09:16:53","date_gmt":"2019-08-05T08:16:53","guid":{"rendered":"http:\/\/www.elche.es\/va\/?p=97153"},"modified":"2019-08-05T09:39:44","modified_gmt":"2019-08-05T08:39:44","slug":"lequip-de-govern-adjudica-per-448-000-euros-les-obres-del-menjador-del-col%c2%b7legi-jaume-balmes","status":"publish","type":"post","link":"https:\/\/www.elche.es\/va\/2019\/08\/lequip-de-govern-adjudica-per-448-000-euros-les-obres-del-menjador-del-col%c2%b7legi-jaume-balmes\/","title":{"rendered":"L&#8217;Equip de Govern adjudica per 448.000 euros les obres del menjador del col\u00b7legi Jaume Balmes"},"content":{"rendered":"<blockquote><p>El projecte t\u00e9 un termini d&#8217;execuci\u00f3 de cinc mesos i s&#8217;emmarca en el Pla Edificant, com la construcci\u00f3 de les tres aules en Els Garrofers, aprovada la setmana passada, o la immediata contractaci\u00f3 de les aules de la G\u00e0l\u00b7lia. Tamb\u00e9 dona llum verda a la remodelaci\u00f3 del carrer Andreu Castillejos per a convertir-lo en un eix comercial i a la renovaci\u00f3 dels equips de refrigeraci\u00f3 i calefacci\u00f3 del Gran Teatre.<\/p><\/blockquote>\n<p>La Junta Local de Govern ha adjudicat aquest mat\u00ed les obres de menjador del col\u00b7legi Jaume Balmes, que s&#8217;emmarquen en el Pla Edificant, per un import de 448.000 euros amb IVA i un termini d&#8217;execuci\u00f3 de cinc mesos. A aquesta licitaci\u00f3 s&#8217;han presentat un total de 12 ofertes, segons ha informat el portaveu del Govern, H\u00e9ctor D\u00edez.<\/p>\n<p>Aquestes obres s&#8217;uneixen a les tres aules d&#8217;Infantil del col\u00b7legi Els Garrofers, de Matola, adjudicades la setmana passada, i a la finalitzaci\u00f3 del termini de presentaci\u00f3 d&#8217;ofertes per a la construcci\u00f3 d&#8217;altres tres aules d&#8217;Infantil en el col\u00b7legi La G\u00e0l\u00b7lia, que seran contractades el pr\u00f2xim mes de setembre, tal com ha assenyalat D\u00edez.<\/p>\n<p>\u201cAmb aix\u00f2, els tres primers projectes del Pla Edificant en el nostre municipi ja s\u00f3n una realitat i, sumat a l&#8217;inici de la licitaci\u00f3 de l&#8217;institut n\u00famero 11 \u201cPeriodista Vicente Verd\u00fa\u201d, podem dir que el comprom\u00eds de la Generalitat a Elx amb les infraestructures educatives \u00e9s una realitat. En poques setmanes podrem veure l&#8217;inici d&#8217;obres. L&#8217;Equip de Govern continua treballant en la resta de projectes i en els pr\u00f2xims mesos la Junta de Govern aprovar\u00e0 altres iniciatives dins del Pla Edificant pel que aquesta legislatura ser\u00e0 la de la millora de les infraestructures educatives a la nostra ciutat\u201d, ha explicat el portaveu.<\/p>\n<p><strong>Millores en Andreu Castillejos i Gran Teatre<\/strong><\/p>\n<p>Aix\u00ed mateix, s&#8217;han aprovat els plecs de condicions de dos projectes contemplats en el pla d&#8217;inversions financerament sostenibles. D&#8217;una banda, els de la remodelaci\u00f3 del carrer Andreu Castillejos, anteriorment Jos\u00e9 Mar\u00eda Pem\u00e1n, amb un pressupost de 110.000 euros i dos mesos d&#8217;execuci\u00f3. I per una altra, es milloraran els equips de refrigeraci\u00f3 i calefacci\u00f3 del Gran Teatre.<\/p>\n<p>\u201cEl carrer Andreu Castillejos\u00a0ser\u00e0\u00a0remodelat completament per a assemblar-se a altres eixos comercials ja remodelats com poden ser Reina Vict\u00f2ria o Poeta Miguel Hern\u00e1ndez. Passar\u00e0 a tindre un nou paviment, es millorar\u00e0 l&#8217;accessibilitat en tot el carrer, des d&#8217;Antonio Machado fins a Reina Vict\u00f2ria, es crearan noves rampes i s&#8217;instal\u00b7laran jardineres i bancs, a m\u00e9s d&#8217;homogene\u00eftzar tot el paviment perqu\u00e8 ha patit nombroses modificacions. Tindr\u00e0 una imatge uniforme i es far\u00e0 una actuaci\u00f3 d&#8217;urbanisme comercial. Aix\u00ed mateix, s&#8217;ordenar\u00e0 tota la zona de c\u00e0rrega i desc\u00e0rrega, aix\u00ed com les parades d&#8217;autobusos en la zona dels pisos blaus que afecta a aquest carrer. La licitaci\u00f3 de les obres ser\u00e0 immediata i es consensuaran amb ve\u00efns i comerciants perqu\u00e8 no afecten la campanya de Nadal\u201d, ha indicat el regidor.<\/p>\n<p>Pel que respecta a la renovaci\u00f3 de l&#8217;equipament de refrigeraci\u00f3 i calefacci\u00f3 del Gran Teatre la inversi\u00f3 \u00e9s de 101.000 euros i el termini d&#8217;execuci\u00f3 de tres mesos. \u201cAquesta actuaci\u00f3 \u00e9s molt necess\u00e0ria i permetr\u00e0 que els usuaris gaudisquen de la cultura de la millor manera\u201d, ha assenyalat el portaveu.<\/p>\n<p>El pla d&#8217;inversions financerament sostenibles compta amb un muntant de 18 milions d&#8217;euros, \u201ci al llarg de les pr\u00f2ximes juntes de govern s&#8217;aprovaran els plecs i projectes de les altres obres abans del 31 de desembre, per la qual cosa aquestes inversions seran una realitat. L&#8217;execuci\u00f3 dependr\u00e0 de la licitaci\u00f3, per\u00f2 els projectes i els plecs s&#8217;aprovaran perqu\u00e8 els diners no s&#8217;hagen de dedicar a l&#8217;amortitzaci\u00f3 de deute\u201d, ha assenyalat D\u00edez.<\/p>\n<p><strong>Tallers d&#8217;ocupaci\u00f3<\/strong><\/p>\n<p>Un altre assumpte abordat per la Junta ha sigut la sol\u00b7licitud a la Conselleria d&#8217;Economia Sostenible d&#8217;una aportaci\u00f3 de 700.000 euros, 90.000 per part de l&#8217;Ajuntament, per a la segona fase d&#8217;un pla d&#8217;ocupaci\u00f3 que s&#8217;iniciaria el mes vinent de desembre i que suposar\u00e0 la contractaci\u00f3 de 30 persones aturades per a formar-se i obtindre un certificat de professionalitat, i de quatre professors\/es.<\/p>\n<p>\u201cEls projectes que es posen damunt de la taula s\u00f3n la millora de les telecomunicacions i el cablejat de fibra \u00f2ptica en l&#8217;Alcaldia i l&#8217;edifici de la Regidoria de Gesti\u00f3 Tribut\u00e0ria i Financera i seguir amb l&#8217;actuaci\u00f3 del vessant del riu, des del pont de Santa Teresa fins al de Canalejas, direcci\u00f3 nord, amb la construcci\u00f3 de murets de ma\u00e7oneria i la recuperaci\u00f3 de la coberta vegetal eliminant esp\u00e8cies malaltes o amb el risc de caiguda i plantant esp\u00e8cies aut\u00f2ctones. Tamb\u00e9 s&#8217;actuar\u00e0 en la zona de davall del pont del Ferrocarril, a l&#8217;entorn del col\u00b7legi Baix Vinalop\u00f3 fins al citat pont\u201d, ha explicat H\u00e9ctor D\u00edez.<\/p>\n<p><strong>Campanya\u00a0\u00a0<\/strong><\/p>\n<p>La Junta tamb\u00e9 ha aprovat per un muntant de 3.600 euros la campanya \u201cNo muntanyes un circ\u201d, que t\u00e9 el prop\u00f2sit de conscienciar els joves sobre el consum moderat d&#8217;alcohol durant les festes patronals.<\/p>\n<p><strong>Ram d\u2019Or per a Nino<\/strong><\/p>\n<p><span style=\"font-weight: 400\">Pel que fa als despatxos extraordinaris s&#8217;ha acordat concedir el Ram d\u2019Or al pregoner de les festes, el futbolista de l&#8217;Elx CF Nino, i donar autoritzaci\u00f3 per a la celebraci\u00f3 del Mercat Medieval i la seua ocupaci\u00f3 de la via p\u00fablica entre els dies 24 i 27 del pr\u00f2xim mes d&#8217;octubre.<\/span><\/p>\n<p><strong>Coordinadors\/es d&#8217;\u00e0rea<\/strong><\/p>\n<p>La Junta ha procedit al nomenament de les nou persones coordinadores d&#8217;\u00e0rea. L&#8217;actual interventora de l&#8217;Ajuntament passa a coordinar Gesti\u00f3 Tribut\u00e0ria i Financera i es nomena V\u00edctor Mart\u00ed nou interventor, en les mateixes condicions que l&#8217;actual. \u201cEl prop\u00f2sit de l&#8217;Equip de Govern \u00e9s treballar en la consolidaci\u00f3 de la plantilla municipal i aix\u00f2 afecta tamb\u00e9 a la pla\u00e7a d&#8217;interventor\u201d, ha explicat el portaveu del Govern.<\/p>\n<p>Les \u00e0rees i\u00a0les\u00a0persones coordinadores s\u00f3n:<\/p>\n<ul>\n<li>Gesti\u00f3 Financera i Tribut\u00e0ria i Fons Europeus: Inmaculada S\u00e1nchez Ma\u00f1ogil.<\/li>\n<li>Contractaci\u00f3 P\u00fablica i Central de Compres: Rosal\u00eda G\u00f3mez Barroso.<\/li>\n<li>Promoci\u00f3 Econ\u00f2mica, Desenvolupament Tur\u00edstic i Ocupaci\u00f3: Enrique Jos\u00e9 Pineda P\u00e9rez.<\/li>\n<li>Innovaci\u00f3, Administraci\u00f3 Electr\u00f2nica, Transpar\u00e8ncia i Recursos Humans: Jos\u00e9 Antonio Galiano Iborra.<\/li>\n<li>Modernitzaci\u00f3 de l&#8217;Espai P\u00fablic i Serveis P\u00fablics Municipals: Luis Tebar Ortiz.<\/li>\n<li>Igualtat, Drets Socials, Pol\u00edtiques Inclusives i Participaci\u00f3 Ciutadana: Vicenta P\u00e9rez Gonz\u00e1lvez.<\/li>\n<li>Educaci\u00f3, Universitat, Cultura, Festes i Esports: Santiago Ule Garrido.<\/li>\n<li>Urbanisme i Capitalitat Verda Europea, EDUSI i autoritzaci\u00f3 d&#8217;activitats: Isabel P\u00e9rez Cascales.<\/li>\n<li>Desenvolupament Sostenible, Medi Ambient, Mobilitat Urbana, Tr\u00e0nsit, Efici\u00e8ncia Energ\u00e8tica i Desenvolupament Rural: Juan Carlos Aranda L\u00f3pez.<\/li>\n<\/ul>\n<p>&nbsp;<\/p>\n","protected":false},"excerpt":{"rendered":"<p>El projecte t\u00e9 un termini d&#8217;execuci\u00f3 de cinc mesos i s&#8217;emmarca en el Pla Edificant, com la construcci\u00f3 de les tres aules en Els Garrofers, aprovada la setmana passada, o [&hellip;]<\/p>\n","protected":false},"author":15,"featured_media":97207,"comment_status":"closed","ping_status":"closed","sticky":false,"template":"","format":"standard","meta":{"footnotes":""},"categories":[1108,210],"tags":[],"class_list":["post-97153","post","type-post","status-publish","format-standard","has-post-thumbnail","hentry","category-escoles-infantils","category-urbanisme-va"],"_links":{"self":[{"href":"https:\/\/www.elche.es\/va\/wp-json\/wp\/v2\/posts\/97153","targetHints":{"allow":["GET"]}}],"collection":[{"href":"https:\/\/www.elche.es\/va\/wp-json\/wp\/v2\/posts"}],"about":[{"href":"https:\/\/www.elche.es\/va\/wp-json\/wp\/v2\/types\/post"}],"author":[{"embeddable":true,"href":"https:\/\/www.elche.es\/va\/wp-json\/wp\/v2\/users\/15"}],"replies":[{"embeddable":true,"href":"https:\/\/www.elche.es\/va\/wp-json\/wp\/v2\/comments?post=97153"}],"version-history":[{"count":0,"href":"https:\/\/www.elche.es\/va\/wp-json\/wp\/v2\/posts\/97153\/revisions"}],"wp:featuredmedia":[{"embeddable":true,"href":"https:\/\/www.elche.es\/va\/wp-json\/wp\/v2\/media\/97207"}],"wp:attachment":[{"href":"https:\/\/www.elche.es\/va\/wp-json\/wp\/v2\/media?parent=97153"}],"wp:term":[{"taxonomy":"category","embeddable":true,"href":"https:\/\/www.elche.es\/va\/wp-json\/wp\/v2\/categories?post=97153"},{"taxonomy":"post_tag","embeddable":true,"href":"https:\/\/www.elche.es\/va\/wp-json\/wp\/v2\/tags?post=97153"}],"curies":[{"name":"wp","href":"https:\/\/api.w.org\/{rel}","templated":true}]}}