{"id":97160,"date":"2019-08-05T09:36:46","date_gmt":"2019-08-05T08:36:46","guid":{"rendered":"http:\/\/www.elche.es\/va\/?p=97160"},"modified":"2019-08-05T09:36:46","modified_gmt":"2019-08-05T08:36:46","slug":"mobilitat-celebra-linici-dels-tramits-per-a-ampliar-el-servei-dautobus-entre-elx-i-les-comarques-del-vinalopo-mitja-i-de-lalt-vinalopo","status":"publish","type":"post","link":"https:\/\/www.elche.es\/va\/2019\/08\/mobilitat-celebra-linici-dels-tramits-per-a-ampliar-el-servei-dautobus-entre-elx-i-les-comarques-del-vinalopo-mitja-i-de-lalt-vinalopo\/","title":{"rendered":"Mobilitat celebra l&#8217;inici dels tr\u00e0mits per a ampliar el servei d&#8217;autob\u00fas entre Elx i les comarques del Vinalop\u00f3 Mitj\u00e0 i de l&#8217;Alt Vinalop\u00f3"},"content":{"rendered":"<blockquote><p>La Conselleria de Pol\u00edtica Territorial, Obres P\u00fabliques i Mobilitat trau a informaci\u00f3 p\u00fablica el servei.<\/p><\/blockquote>\n<p>La Conselleria de Pol\u00edtica Territorial, Obres P\u00fabliques i Mobilitat de la Generalitat Valenciana\u00a0publica el projecte de servei d&#8217;autob\u00fas CV-210, Vinalop\u00f3 Alt i Mitj\u00e0, que connecta, mitjan\u00e7ant una nova l\u00ednia, el municipi il\u00b7licit\u00e0 amb les poblacions d&#8217;Elda i Villena i la resta de pobles d&#8217;aquestes comarques.<\/p>\n<p>La regidora de Mobilitat Urbana de l&#8217;Ajuntament d&#8217;Elx, Esther D\u00edez, assenyala que &#8220;des de la regidoria celebrem que la Conselleria avance en la\u00a0 millora de les connexions del municipi amb les comarques del Vinalop\u00f3, per la posada en marxa d&#8217;aquests nous serveis de transport p\u00fablic, com demostra hui la publicaci\u00f3 del projecte del servei de transport p\u00fablic de viatgers per carretera CV 210 Alt-Mitj\u00e0 Vinalop\u00f3&#8221;.<\/p>\n<p>\u201c\u00c9s necessari recordar que el Tribunal Superior va obligar la Generalitat Valenciana, durant la passada legislatura, a traure a concurs les concessions d&#8217;autob\u00fas caducades, que els anteriors gestors del govern del Partit Popular renovaven per defecte malgrat estar finalitzats els contractes, la qual cosa es va traduir en una dolenta i prec\u00e0ria prestaci\u00f3 del servei\u201d, ha indicat D\u00edez.<\/p>\n<p>La regidora tamb\u00e9 ha manifestat \u201cque, ja des de la passada legislatura, la Conselleria de Mobilitat treballa per a garantir els despla\u00e7aments entre les poblacions i municipis de les comarques del Vinalop\u00f3, com ocorre amb el projecte CV-211 Elx Rodalia, que connecta Alacant, Elx, Santa Pola i Crevillent, que se suma a aquest nou projecte que hui es fa p\u00fablic, i per al que es podran presentar al\u00b7legacions fins al dia 20 de setembre\u201d.<\/p>\n<p>&nbsp;<\/p>\n<p>&nbsp;<\/p>\n","protected":false},"excerpt":{"rendered":"<p>La Conselleria de Pol\u00edtica Territorial, Obres P\u00fabliques i Mobilitat trau a informaci\u00f3 p\u00fablica el servei. La Conselleria de Pol\u00edtica Territorial, Obres P\u00fabliques i Mobilitat de la Generalitat Valenciana\u00a0publica el projecte [&hellip;]<\/p>\n","protected":false},"author":15,"featured_media":97130,"comment_status":"closed","ping_status":"closed","sticky":false,"template":"","format":"standard","meta":{"footnotes":""},"categories":[217],"tags":[],"class_list":["post-97160","post","type-post","status-publish","format-standard","has-post-thumbnail","hentry","category-mobilitat"],"_links":{"self":[{"href":"https:\/\/www.elche.es\/va\/wp-json\/wp\/v2\/posts\/97160","targetHints":{"allow":["GET"]}}],"collection":[{"href":"https:\/\/www.elche.es\/va\/wp-json\/wp\/v2\/posts"}],"about":[{"href":"https:\/\/www.elche.es\/va\/wp-json\/wp\/v2\/types\/post"}],"author":[{"embeddable":true,"href":"https:\/\/www.elche.es\/va\/wp-json\/wp\/v2\/users\/15"}],"replies":[{"embeddable":true,"href":"https:\/\/www.elche.es\/va\/wp-json\/wp\/v2\/comments?post=97160"}],"version-history":[{"count":0,"href":"https:\/\/www.elche.es\/va\/wp-json\/wp\/v2\/posts\/97160\/revisions"}],"wp:featuredmedia":[{"embeddable":true,"href":"https:\/\/www.elche.es\/va\/wp-json\/wp\/v2\/media\/97130"}],"wp:attachment":[{"href":"https:\/\/www.elche.es\/va\/wp-json\/wp\/v2\/media?parent=97160"}],"wp:term":[{"taxonomy":"category","embeddable":true,"href":"https:\/\/www.elche.es\/va\/wp-json\/wp\/v2\/categories?post=97160"},{"taxonomy":"post_tag","embeddable":true,"href":"https:\/\/www.elche.es\/va\/wp-json\/wp\/v2\/tags?post=97160"}],"curies":[{"name":"wp","href":"https:\/\/api.w.org\/{rel}","templated":true}]}}