{"id":97169,"date":"2019-08-05T09:54:16","date_gmt":"2019-08-05T08:54:16","guid":{"rendered":"http:\/\/www.elche.es\/va\/?p=97169"},"modified":"2019-08-05T09:54:16","modified_gmt":"2019-08-05T08:54:16","slug":"lalcalde-reivindica-el-retorn-permanent-de-la-dama-a-mitja-o-llarg-termini","status":"publish","type":"post","link":"https:\/\/www.elche.es\/va\/2019\/08\/lalcalde-reivindica-el-retorn-permanent-de-la-dama-a-mitja-o-llarg-termini\/","title":{"rendered":"L&#8217;alcalde reivindica el retorn permanent de la Dama a mitj\u00e0 o llarg termini"},"content":{"rendered":"<blockquote><p>L&#8217;alcalde reivindica el retorn del bust ib\u00e8ric durant la tradicional visita al jaciment arqueol\u00f2gic de l&#8217;Alcudia, lloc on el bust ib\u00e8ric va ser trobat fa 122 anys.<\/p><\/blockquote>\n<p>\u201cVolem que la Dama torne a estar de forma permanent entre nosaltres. Estic conven\u00e7ut que amb l&#8217;esfor\u00e7 de tots prompte ho aconseguirem\u201d, va manifestar ahir l&#8217;alcalde d&#8217;Elx, Carlos Gonz\u00e1lez, durant la visita al jaciment arqueol\u00f2gic de l&#8217;Alcudia en companyia de la Dama Vivent, Neus Almarcha; els membres de la Reial Orde de la Dama, amb la seua presidenta, Mar\u00eda del Carmen P\u00e9rez Cascales, al capdavant; el director del Parc Arqueol\u00f2gic, Alejandro Ramos; i membres de l&#8217;Equip de Govern i de la Corporaci\u00f3 Municipal amb motiu del 122 aniversari de la troballa del bust ib\u00e8ric.<\/p>\n<p>La visita al jaciment, que tradicionalment es realitzava el dia 4 al mat\u00ed, s&#8217;ha canviat enguany per a la vesprada amb la finalitat d&#8217;evitar les fortes calors d&#8217;agost. I tal com van expressar representants de la Reial Orde, entitat organitzadora, ha sigut un \u00e8xit degut a la pres\u00e8ncia del nombr\u00f3s p\u00fablic que va acudir en els seus vehicles particulars o en els autobusos\u00a0disposats per l&#8217;Ajuntament il\u00b7licit\u00e0.<\/p>\n<p>\u201c\u00c9s important que, any rere any, els il\u00b7licitans i les il\u00b7licitanes vinguem a l&#8217;Alcudia per a rememorar un esdeveniment tan important per a la nostra ciutat, com la troballa de la Dama. Enguany hi ha nova Dama Vivent, Neus Almarcha, i vull agrair-li l&#8217;esfor\u00e7 que fa acompanyant-nos en aquest moment\u201d, ha indicat Carlos Gonz\u00e1lez.<\/p>\n<p>L&#8217;alcalde ha agra\u00eft el treball de la Reial Orde de la Dama d&#8217;Elx per organitzar l&#8217;acte i el de la Fundaci\u00f3 Universit\u00e0ria L&#8217;Alcudia, \u201cper un esfor\u00e7 important\u00edssim de posada en valor del nostre patrimoni arqueol\u00f2gic, aix\u00ed com la dedicaci\u00f3 i el talent de la fam\u00edlia Ramos des de fa d\u00e8cades\u201d.<\/p>\n<p>\u201cAquest acte t\u00e9 una doble finalitat. D&#8217;una banda, fer veure com \u00e9s d&#8217;important la Dama d&#8217;Elx per a la nostra ciutat, que ens fa visibles a Espanya i al m\u00f3n. La Dama \u00e9s una icona recognoscible mundialment. Per\u00f2 tamb\u00e9 per a recordar al m\u00f3n sencer, i especialment al Govern d&#8217;Espanya i al Museu Arqueol\u00f2gic Nacional, que els il\u00b7licitans i les il\u00b7licitanes volem la nostra Dama i volem que estiga a Elx\u201d, ha expressat el regidor il\u00b7licit\u00e0.<\/p>\n<p>\u201cEstem treballant en els \u00faltims anys de la m\u00e0 de la Generalitat Valenciana, de la Reial Orde de la Dama, de col\u00b7lectius i associacions i amb la Corporaci\u00f3 Municipal. La ciutat en el seu conjunt est\u00e0 treballant per a una cessi\u00f3 temporal, com ja ho va fer en 2006, quan vam ser capa\u00e7os de demostrar que pod\u00edem tindre la Dama ac\u00ed, cuidar-la, garantir la seua seguretat i aprofitar els beneficis socioecon\u00f2mics que va tindre per a la nostra ciutat\u201d, ha explicat Gonz\u00e1lez.<\/p>\n<p>\u201cHui, 13 anys despr\u00e9s, continuem anhelant el mateix. Reivindiquem que la Dama torne a Elx, volem una cessi\u00f3 temporal, per\u00f2 amb la mirada en el mitj\u00e0 i llarg termini, Elx vol que la seua Dama torne a estar de forma permanent entre nosaltres. I estic conven\u00e7ut que amb el treball de totes i tots, de les institucions, amb la suma dels esfor\u00e7os, prompte aconseguirem que la Dama d&#8217;Elx torne a estar al servei de les il\u00b7licitanes i dels il\u00b7licitans\u201d, ha subratllat Carlos Gonz\u00e1lez.<\/p>\n<p>Amb motiu del 122 aniversari de la troballa de la Dama, es va preparar un acte institucional, a partir de les 20.15, en la pla\u00e7a del Congr\u00e9s Eucar\u00edstic, al costat de la bas\u00edlica de Santa Maria.<\/p>\n<p><span style=\"font-weight: 400\">\u00a0<\/span><\/p>\n","protected":false},"excerpt":{"rendered":"<p>L&#8217;alcalde reivindica el retorn del bust ib\u00e8ric durant la tradicional visita al jaciment arqueol\u00f2gic de l&#8217;Alcudia, lloc on el bust ib\u00e8ric va ser trobat fa 122 anys. \u201cVolem que la [&hellip;]<\/p>\n","protected":false},"author":15,"featured_media":97135,"comment_status":"closed","ping_status":"closed","sticky":false,"template":"","format":"standard","meta":{"footnotes":""},"categories":[193],"tags":[],"class_list":["post-97169","post","type-post","status-publish","format-standard","has-post-thumbnail","hentry","category-cultura-va"],"_links":{"self":[{"href":"https:\/\/www.elche.es\/va\/wp-json\/wp\/v2\/posts\/97169","targetHints":{"allow":["GET"]}}],"collection":[{"href":"https:\/\/www.elche.es\/va\/wp-json\/wp\/v2\/posts"}],"about":[{"href":"https:\/\/www.elche.es\/va\/wp-json\/wp\/v2\/types\/post"}],"author":[{"embeddable":true,"href":"https:\/\/www.elche.es\/va\/wp-json\/wp\/v2\/users\/15"}],"replies":[{"embeddable":true,"href":"https:\/\/www.elche.es\/va\/wp-json\/wp\/v2\/comments?post=97169"}],"version-history":[{"count":0,"href":"https:\/\/www.elche.es\/va\/wp-json\/wp\/v2\/posts\/97169\/revisions"}],"wp:featuredmedia":[{"embeddable":true,"href":"https:\/\/www.elche.es\/va\/wp-json\/wp\/v2\/media\/97135"}],"wp:attachment":[{"href":"https:\/\/www.elche.es\/va\/wp-json\/wp\/v2\/media?parent=97169"}],"wp:term":[{"taxonomy":"category","embeddable":true,"href":"https:\/\/www.elche.es\/va\/wp-json\/wp\/v2\/categories?post=97169"},{"taxonomy":"post_tag","embeddable":true,"href":"https:\/\/www.elche.es\/va\/wp-json\/wp\/v2\/tags?post=97169"}],"curies":[{"name":"wp","href":"https:\/\/api.w.org\/{rel}","templated":true}]}}