{"id":97460,"date":"2019-08-06T13:11:44","date_gmt":"2019-08-06T12:11:44","guid":{"rendered":"http:\/\/www.elche.es\/va\/?p=97460"},"modified":"2019-08-07T08:53:12","modified_gmt":"2019-08-07T07:53:12","slug":"la-mascleta-vertical-reuneix-unes-20-000-persones-a-lentorn-de-lestadi-martinez-valero","status":"publish","type":"post","link":"https:\/\/www.elche.es\/va\/2019\/08\/la-mascleta-vertical-reuneix-unes-20-000-persones-a-lentorn-de-lestadi-martinez-valero\/","title":{"rendered":"La &#8216;masclet\u00e0&#8217; vertical reuneix unes 20.000 persones a l&#8217;entorn de l&#8217;estadi Mart\u00ednez Valero"},"content":{"rendered":"<blockquote>\n<p class=\"western\" align=\"LEFT\">L&#8217;alcalde, Carlos Gonz\u00e1lez, assenyala que \u201c\u00e9s un espectacle \u00fanic a la Comunitat Valenciana i en tot el pa\u00eds\u201d, i el president de la Gestora de Festejos, Fernando Ja\u00e9n, destaca la gran participaci\u00f3 de p\u00fablic.<\/p>\n<\/blockquote>\n<p class=\"western\" align=\"LEFT\">Unes 20.000 persones es van congregar anit en els voltants de l&#8217;estadi de futbol Mart\u00ednez Valero, el doble que en l&#8217;edici\u00f3 del passat any, segons la Federaci\u00f3 Gestora de Festejos Populars, per a contemplar la Crid\u00e0 a les Festes, la masclet\u00e0 vertical organitzada per segon any per aquesta entitat amb el suport de l&#8217;Ajuntament.<\/p>\n<p>El president de la federaci\u00f3, Fernando Ja\u00e9n, destaca l&#8217;alta participaci\u00f3 de p\u00fablic tenint en compte sobretot que l&#8217;esdeveniment s&#8217;ha celebrat un dilluns, mentre que el de l&#8217;any passat va ser en diumenge, i la pres\u00e8ncia de nombroses persones visitants de diferents poblacions de la Vega Baixa, aix\u00ed com la de delegacions d&#8217;entitats festeres de D\u00e9nia, Elda i Sant Vicent.<\/p>\n<p>L&#8217;alcalde d&#8217;Elx, Carlos Gonz\u00e1lez, per part seua, comenta que \u201caquest espectacle \u00e9s \u00fanic a la Comunitat Valenciana i en tot el pa\u00eds; hem gaudit de l&#8217;aroma a p\u00f3lvora i sobretot del color\u201d.<\/p>\n<p>Per al regidor il\u00b7licit\u00e0 la Crid\u00e0 a les Festes \u201c\u00e9s una magn\u00edfica manera de comen\u00e7ar els festejos, que s&#8217;inicien oficialment dem\u00e0 amb el preg\u00f3 del futbolista de l&#8217;Elx C.F. Nino, per\u00f2 aquesta masclet\u00e0 \u00e9s un preludi que ens dona a entendre que els il\u00b7licitans i les il\u00b7licitanes estem ansiosos\/es de festes, de gaudir d&#8217;uns dies extraordinaris compatibilitzant diversi\u00f3 amb responsabilitat, conviv\u00e8ncia i respecte. Crec que tindrem una festes extraordin\u00e0ries i aquest espectacle pirot\u00e8cnic \u00e9s un pas avant per a aconseguir-lo\u201d.<\/p>\n<p>La masclet\u00e0 vertical ha consumit 900 quilos de material pirot\u00e8cnic, segons explica Fernando Ja\u00e9n, qui destaca la col\u00b7laboraci\u00f3 municipal per a fer-la possible i diu que les i els membres de la gestora inicien les festes \u201cmolt animats\/des\u201d.<\/p>\n<p>L&#8217;espectacle pirot\u00e8cnic ha consistit en una obertura musical com a inici, una mica m\u00e9s de dos minuts de foc i tro i la masclet\u00e0 d&#8217;uns cinc minuts de duraci\u00f3. Tant en els moments previs com posteriors les persones assistents han pogut gaudir d&#8217;una animada festa a l&#8217;entorn de l&#8217;estadi de futbol.<\/p>\n<p>&nbsp;<\/p>\n","protected":false},"excerpt":{"rendered":"<p>L&#8217;alcalde, Carlos Gonz\u00e1lez, assenyala que \u201c\u00e9s un espectacle \u00fanic a la Comunitat Valenciana i en tot el pa\u00eds\u201d, i el president de la Gestora de Festejos, Fernando Ja\u00e9n, destaca la [&hellip;]<\/p>\n","protected":false},"author":15,"featured_media":97363,"comment_status":"closed","ping_status":"closed","sticky":false,"template":"","format":"standard","meta":{"footnotes":""},"categories":[191,391],"tags":[],"class_list":["post-97460","post","type-post","status-publish","format-standard","has-post-thumbnail","hentry","category-festes-va","category-home-va"],"_links":{"self":[{"href":"https:\/\/www.elche.es\/va\/wp-json\/wp\/v2\/posts\/97460","targetHints":{"allow":["GET"]}}],"collection":[{"href":"https:\/\/www.elche.es\/va\/wp-json\/wp\/v2\/posts"}],"about":[{"href":"https:\/\/www.elche.es\/va\/wp-json\/wp\/v2\/types\/post"}],"author":[{"embeddable":true,"href":"https:\/\/www.elche.es\/va\/wp-json\/wp\/v2\/users\/15"}],"replies":[{"embeddable":true,"href":"https:\/\/www.elche.es\/va\/wp-json\/wp\/v2\/comments?post=97460"}],"version-history":[{"count":0,"href":"https:\/\/www.elche.es\/va\/wp-json\/wp\/v2\/posts\/97460\/revisions"}],"wp:featuredmedia":[{"embeddable":true,"href":"https:\/\/www.elche.es\/va\/wp-json\/wp\/v2\/media\/97363"}],"wp:attachment":[{"href":"https:\/\/www.elche.es\/va\/wp-json\/wp\/v2\/media?parent=97460"}],"wp:term":[{"taxonomy":"category","embeddable":true,"href":"https:\/\/www.elche.es\/va\/wp-json\/wp\/v2\/categories?post=97460"},{"taxonomy":"post_tag","embeddable":true,"href":"https:\/\/www.elche.es\/va\/wp-json\/wp\/v2\/tags?post=97460"}],"curies":[{"name":"wp","href":"https:\/\/api.w.org\/{rel}","templated":true}]}}