{"id":97941,"date":"2019-08-13T11:45:16","date_gmt":"2019-08-13T10:45:16","guid":{"rendered":"http:\/\/www.elche.es\/va\/?p=97941"},"modified":"2019-08-13T11:45:16","modified_gmt":"2019-08-13T10:45:16","slug":"lajuntament-demana-a-lempresa-propietaria-dels-tanatoris-que-reconsidere-mantindre-el-servei-nocturn-de-vetla","status":"publish","type":"post","link":"https:\/\/www.elche.es\/va\/2019\/08\/lajuntament-demana-a-lempresa-propietaria-dels-tanatoris-que-reconsidere-mantindre-el-servei-nocturn-de-vetla\/","title":{"rendered":"L&#8217;Ajuntament demana a l&#8217;empresa propiet\u00e0ria dels tanatoris que reconsidere mantindre el servei nocturn de vetla"},"content":{"rendered":"<blockquote><p>El Grup ASV ja ha deixat d&#8217;obrir a mitjanit les sales per a guardar duel als difunts en les seues instal\u00b7lacions de Carr\u00fas. Les de l\u2019Aljub faran el mateix a partir del 19 d&#8217;agost<\/p><\/blockquote>\n<p>L&#8217;Ajuntament d&#8217;Elx, davant les not\u00edcies que les sales de vetla de tots dos tanatoris de la ciutat, propietat del Grup ASV, tancaran en horari nocturn, ha demanat a l&#8217;empresa que reconsidere la seua decisi\u00f3. El responsable de l&#8217;\u00e0rea de Manteniment, Espai P\u00fablic, Serveis i Contractaci\u00f3, H\u00e9ctor D\u00edez, no ha negat que s&#8217;estiga produint \u201cun canvi d&#8217;h\u00e0bits socials\u201d com al\u00b7ludeix el Grup ASV per a adoptar aquesta decisi\u00f3, per\u00f2, tamb\u00e9, ha expressat l&#8217;exist\u00e8ncia d&#8217;un clam popular que demanda aquest servei, per la qual cosa caldria \u201creconsiderar-lo\u201d, at\u00e9s que, ha al\u00b7ludit l&#8217;edil, la mesura ha sigut \u201ctaxativa\u201d, amb molt poca publicitat, per la qual cosa molts ciutadans que hagen d&#8217;usar-lo es veuran sorpresos a partir de la segona quinzena d&#8217;agost. El regidor ha instat el Grup ASV a prendre aquesta consideraci\u00f3 de manera \u201cm\u00e9s gradual\u201d, i que si, a mitj\u00e0 termini, ha de fer-la efectiva, que la fa\u00e7a, per\u00f2 que \u201cho anuncie amb temps\u201d. D\u00edez ha recordat que, des de fa mesos, les sales de vetla del tanatori de Carr\u00fas tanquen a mitjanit. Les del tanatori del l\u2019Aljub, des del pr\u00f2xim 19 d&#8217;agost, faran el\u00a0mateix a les 23.00 hores. En altres municipis de la prov\u00edncia com Alcoi ocorre el mateix, no aix\u00ed a Alacant.<\/p>\n","protected":false},"excerpt":{"rendered":"<p>El Grup ASV ja ha deixat d&#8217;obrir a mitjanit les sales per a guardar duel als difunts en les seues instal\u00b7lacions de Carr\u00fas. Les de l\u2019Aljub faran el mateix a [&hellip;]<\/p>\n","protected":false},"author":15,"featured_media":97207,"comment_status":"closed","ping_status":"closed","sticky":false,"template":"","format":"standard","meta":{"footnotes":""},"categories":[161,391],"tags":[],"class_list":["post-97941","post","type-post","status-publish","format-standard","has-post-thumbnail","hentry","category-ajuntament","category-home-va"],"_links":{"self":[{"href":"https:\/\/www.elche.es\/va\/wp-json\/wp\/v2\/posts\/97941","targetHints":{"allow":["GET"]}}],"collection":[{"href":"https:\/\/www.elche.es\/va\/wp-json\/wp\/v2\/posts"}],"about":[{"href":"https:\/\/www.elche.es\/va\/wp-json\/wp\/v2\/types\/post"}],"author":[{"embeddable":true,"href":"https:\/\/www.elche.es\/va\/wp-json\/wp\/v2\/users\/15"}],"replies":[{"embeddable":true,"href":"https:\/\/www.elche.es\/va\/wp-json\/wp\/v2\/comments?post=97941"}],"version-history":[{"count":0,"href":"https:\/\/www.elche.es\/va\/wp-json\/wp\/v2\/posts\/97941\/revisions"}],"wp:featuredmedia":[{"embeddable":true,"href":"https:\/\/www.elche.es\/va\/wp-json\/wp\/v2\/media\/97207"}],"wp:attachment":[{"href":"https:\/\/www.elche.es\/va\/wp-json\/wp\/v2\/media?parent=97941"}],"wp:term":[{"taxonomy":"category","embeddable":true,"href":"https:\/\/www.elche.es\/va\/wp-json\/wp\/v2\/categories?post=97941"},{"taxonomy":"post_tag","embeddable":true,"href":"https:\/\/www.elche.es\/va\/wp-json\/wp\/v2\/tags?post=97941"}],"curies":[{"name":"wp","href":"https:\/\/api.w.org\/{rel}","templated":true}]}}