{"id":98661,"date":"2019-09-05T09:38:07","date_gmt":"2019-09-05T08:38:07","guid":{"rendered":"http:\/\/www.elche.es\/va\/?p=98661"},"modified":"2019-09-05T09:38:07","modified_gmt":"2019-09-05T08:38:07","slug":"educacio-tornara-a-licitar-les-obres-de-la-facana-de-lies-torrellano-per-via-durgencia","status":"publish","type":"post","link":"https:\/\/www.elche.es\/va\/2019\/09\/educacio-tornara-a-licitar-les-obres-de-la-facana-de-lies-torrellano-per-via-durgencia\/","title":{"rendered":"Educaci\u00f3 tornar\u00e0 a licitar les obres de la fa\u00e7ana de l&#8217;IES Torrellano per via d&#8217;urg\u00e8ncia"},"content":{"rendered":"<blockquote><p>A pesar de la fallida de l&#8217;adjudicat\u00e0ria original, es preveu que les classes comencen amb total normalitat el pr\u00f2xim dilluns 9 de setembre, encara que amb un augment de les mesures de seguretat<\/p><\/blockquote>\n<p>L&#8217;Equip de Govern, apostant per la qualitat de les instal\u00b7lacions educatives, estava complint amb un dels seus compromisos de rehabilitar la fa\u00e7ana de l&#8217;IES Torrellano. Els treballs transcorrien segons el projectat fins que l&#8217;agost passat l&#8217;empresa adjudicat\u00e0ria de les obres va fer fallida, provocant la paralitzaci\u00f3 d&#8217;aquestes.<\/p>\n<p>\u00c9s per aix\u00f2 que la responsable de l&#8217;\u00c0rea d&#8217;Educaci\u00f3, Mar\u00eda Jos\u00e9 Mart\u00ednez, ha oferit explicacions, assegurant que totes les parts implicades s&#8217;han mobilitzat &#8220;des del minut zero&#8221; per a tractar de donar resposta a aquesta situaci\u00f3 sobrevinguda &#8220;com m\u00e9s prompte millor&#8221;. Aix\u00ed i tot, est\u00e0 previst que les classes comencen amb total normalitat dilluns que ve, 9 de setembre, per la qual cosa s&#8217;han incrementat les mesures de seguretat. &#8220;El centre les compleix, aix\u00ed ho han confirmat els t\u00e8cnics de Conselleria en repetides ocasions des de la fallida de l&#8217;empresa&#8221;, ha expressat Mart\u00ednez.<\/p>\n<p>L&#8217;Ajuntament va convocar dilluns passat a totes les parts en el centre educatiu per a tra\u00e7ar les accions a implementar per a resoldre la situaci\u00f3. El passat tres de setembre es va informar les fam\u00edlies de l&#8217;alumnat en una reuni\u00f3 de car\u00e0cter informatiu convocada per l&#8217;AMPA.<\/p>\n<p>La Conselleria Educaci\u00f3 i la Direcci\u00f3 General d&#8217;Infraestructures ja han iniciat els tr\u00e0mits per a un procediment de licitaci\u00f3 d&#8217;urg\u00e8ncia i tornar a adjudicar l&#8217;obra, at\u00e9s que la constructora que va fer fallida va ser l&#8217;\u00fanica que es va presentar en l&#8217;\u00faltima licitaci\u00f3, per la qual cosa no es pot rescindir el contracte i que la seg\u00fcent continue amb els treballs.<\/p>\n<p>&nbsp;<\/p>\n<p>&nbsp;<\/p>\n","protected":false},"excerpt":{"rendered":"<p>A pesar de la fallida de l&#8217;adjudicat\u00e0ria original, es preveu que les classes comencen amb total normalitat el pr\u00f2xim dilluns 9 de setembre, encara que amb un augment de les [&hellip;]<\/p>\n","protected":false},"author":15,"featured_media":98634,"comment_status":"closed","ping_status":"closed","sticky":false,"template":"","format":"standard","meta":{"footnotes":""},"categories":[194,391],"tags":[],"class_list":["post-98661","post","type-post","status-publish","format-standard","has-post-thumbnail","hentry","category-educacio-va","category-home-va"],"_links":{"self":[{"href":"https:\/\/www.elche.es\/va\/wp-json\/wp\/v2\/posts\/98661","targetHints":{"allow":["GET"]}}],"collection":[{"href":"https:\/\/www.elche.es\/va\/wp-json\/wp\/v2\/posts"}],"about":[{"href":"https:\/\/www.elche.es\/va\/wp-json\/wp\/v2\/types\/post"}],"author":[{"embeddable":true,"href":"https:\/\/www.elche.es\/va\/wp-json\/wp\/v2\/users\/15"}],"replies":[{"embeddable":true,"href":"https:\/\/www.elche.es\/va\/wp-json\/wp\/v2\/comments?post=98661"}],"version-history":[{"count":0,"href":"https:\/\/www.elche.es\/va\/wp-json\/wp\/v2\/posts\/98661\/revisions"}],"wp:featuredmedia":[{"embeddable":true,"href":"https:\/\/www.elche.es\/va\/wp-json\/wp\/v2\/media\/98634"}],"wp:attachment":[{"href":"https:\/\/www.elche.es\/va\/wp-json\/wp\/v2\/media?parent=98661"}],"wp:term":[{"taxonomy":"category","embeddable":true,"href":"https:\/\/www.elche.es\/va\/wp-json\/wp\/v2\/categories?post=98661"},{"taxonomy":"post_tag","embeddable":true,"href":"https:\/\/www.elche.es\/va\/wp-json\/wp\/v2\/tags?post=98661"}],"curies":[{"name":"wp","href":"https:\/\/api.w.org\/{rel}","templated":true}]}}