{"id":98791,"date":"2019-09-09T07:27:05","date_gmt":"2019-09-09T06:27:05","guid":{"rendered":"http:\/\/www.elche.es\/va\/2019\/09\/mas-de-un-centenar-de-personas-asisten-a-la-celebracion-del-40-aniversario-de-la-federacion-de-asociaciones-vecinales-de-elche\/"},"modified":"2019-09-09T08:28:12","modified_gmt":"2019-09-09T07:28:12","slug":"mas-de-un-centenar-de-personas-asisten-a-la-celebracion-del-40-aniversario-de-la-federacion-de-asociaciones-vecinales-de-elche","status":"publish","type":"post","link":"https:\/\/www.elche.es\/va\/2019\/09\/mas-de-un-centenar-de-personas-asisten-a-la-celebracion-del-40-aniversario-de-la-federacion-de-asociaciones-vecinales-de-elche\/","title":{"rendered":"M\u00e9s d&#8217;un centenar de persones assisteixen a la celebraci\u00f3 del 40 aniversari de la Federaci\u00f3 d&#8217;Associacions Ve\u00efnals d&#8217;Elx"},"content":{"rendered":"<blockquote><p><span class=\"TextRun SCXW10191607 BCX0\" lang=\"ES-ES\" xml:lang=\"ES-ES\"><span class=\"NormalTextRun SCXW10191607 BCX0\">L&#8217;entitat ret homenatge a Jos\u00e9 Vicente Quiles, Adolfo Mart\u00ednez i Angelita Grau, a t\u00edtol p\u00f2stum<\/span><\/span><span class=\"TextRun SCXW10191607 BCX0\" lang=\"ES-ES\" xml:lang=\"ES-ES\"><span class=\"NormalTextRun SCXW10191607 BCX0\">;<\/span><\/span><span class=\"TextRun SCXW10191607 BCX0\" lang=\"ES-ES\" xml:lang=\"ES-ES\"><span class=\"NormalTextRun SCXW10191607 BCX0\">\u00a0als expresidents Jos\u00e9 Luis Miralles i Marisa Bartolom\u00e9<\/span><\/span><span class=\"TextRun SCXW10191607 BCX0\" lang=\"ES-ES\" xml:lang=\"ES-ES\"><span class=\"NormalTextRun SCXW10191607 BCX0\">;<\/span><\/span><span class=\"TextRun SCXW10191607 BCX0\" lang=\"ES-ES\" xml:lang=\"ES-ES\"><span class=\"NormalTextRun SCXW10191607 BCX0\">\u00a0al regidor <\/span><\/span><span class=\"TextRun SCXW10191607 BCX0\" lang=\"ES-ES\" xml:lang=\"ES-ES\"><span class=\"SpellingError SCXW10191607 BCX0\">Felip<\/span><\/span><span class=\"TextRun SCXW10191607 BCX0\" lang=\"ES-ES\" xml:lang=\"ES-ES\"><span class=\"NormalTextRun SCXW10191607 BCX0\">\u00a0S\u00e1nchez i a l&#8217;alcalde, Carlos Gonz\u00e1lez<\/span><\/span><\/p><\/blockquote>\n<p><span class=\"hiddenSpellError\">Bernardo<\/span> S\u00e1nchez: &#8220;Ja som una entitat madura, adulta, i no devem res a ning\u00fa. M\u00e9s del 90% del moviment associatiu ve\u00efnal est\u00e0 amb nosaltres&#8221;.<\/p>\n<p><span class=\"hiddenSpellError\">Carlos<\/span> Gonz\u00e1lez: &#8220;Hem d&#8217;intensificar el treball, aprofundir i fer que el moviment associatiu tinga un paper protagonista en la definici\u00f3 de l&#8217;Elx que estem construint entre tots&#8221;.<\/p>\n<p>M\u00e9s d&#8217;un centenar de persones es van reunir anit en el Centre de Congressos per a celebrar el 40 aniversari de la constituci\u00f3 de la Federaci\u00f3 d&#8217;Associacions Ve\u00efnals d&#8217;Elx, una cita que estava prevista en l&#8217;Hort de Baix per\u00f2 que va haver de ser canviada d&#8217;ubicaci\u00f3 per l&#8217;amena\u00e7a de pluja.<\/p>\n<p>L&#8217;acte va comptar amb la pres\u00e8ncia de l&#8217;alcalde d&#8217;Elx, <span class=\"hiddenSpellError\">Carlos<\/span> Gonz\u00e1lez, acompanyat dels regidors de l&#8217;equip de Govern <span class=\"hiddenSpellError\">H\u00e9ctor<\/span> <span class=\"hiddenSpellError\">D\u00edez<\/span>, Patr\u00edcia Maci\u00e0, Puri Vives i Felip S\u00e1nchez; representants de les diferents associacions que formen part de la Federaci\u00f3 i d&#8217;altres entitats ve\u00efnals.<\/p>\n<p>El president de la Federaci\u00f3, <span class=\"hiddenSpellError\">Bernardo<\/span> S\u00e1nchez, va fer un rep\u00e0s dels diferents moments hist\u00f2rics viscuts pel moviment ve\u00efnal i va esmentar als protagonistes d&#8217;aquests en les seues diferents etapes. &#8220;Tal com hui, fa 40 anys, un 8 de setembre, es constitu\u00efa la Federaci\u00f3 d&#8217;Associacions de Ve\u00efns d&#8217;Elx mitjan\u00e7ant uns estatuts, en un moment hist\u00f2ric, amb la signatura de ve\u00efns del Toscar, <span class=\"hiddenSpellError\">Carr\u00fas<\/span> Est, barri obrer d&#8217;Altabix, Sant <span class=\"hiddenSpellError\">Crisp\u00ed<\/span>, el Pla, el Raval-Portes Encarnades i <span class=\"hiddenSpellError\">Porfiri<\/span> <span class=\"hiddenSpellError\">Pascual<\/span>&#8220;, va assenyalar S\u00e1nchez en la seua intervenci\u00f3 d&#8217;obertura de l&#8217;acte.<\/p>\n<p>El president de la Federaci\u00f3 va destacar la lluita incansable dels ve\u00efns per aconseguir enllumenat p\u00fablic, parcs o centres sanitaris, en moments de moltes manques de serveis p\u00fablics b\u00e0sics, a m\u00e9s del seu treball a favor de les llibertats, la promoci\u00f3 de la cultura o la cerca de solucions als problemes urban\u00edstics, &#8220;una gran hist\u00f2ria de lluita i de reivindicaci\u00f3, callada i en l&#8217;ombra&#8221;.<\/p>\n<p>&#8220;Ja som una entitat madura, adulta, i no devem res a ning\u00fa. Hem format una fam\u00edlia meravellosa, comencem amb set associacions de ve\u00efns i ara som m\u00e9s de 40 associacions, la qual cosa suposa m\u00e9s del 90% del moviment associatiu ve\u00efnal que est\u00e0 amb nosaltres&#8221;, va indicar <span class=\"hiddenSpellError\">Bernardo<\/span> S\u00e1nchez.<\/p>\n<p>El president va fer esment a persones com <span class=\"hiddenSpellError\">Manolo<\/span> <span class=\"hiddenSpellError\">Canales<\/span> o Antonio <span class=\"hiddenSpellError\">Gonz\u00e1lvez<\/span>, entre altres, i a presidents com <span class=\"hiddenSpellError\">Paco<\/span> <span class=\"hiddenSpellError\">Garc\u00eda<\/span>, <span class=\"hiddenSpellError\">Eugenio<\/span> <span class=\"hiddenSpellError\">Sagasta<\/span>, <span class=\"hiddenSpellError\">Tonico<\/span> Ja\u00e9n, Jos\u00e9 Luis Miralles o <span class=\"hiddenSpellError\">Marisa<\/span> <span class=\"hiddenSpellError\">Bartolom\u00e9<\/span> pel seu temps i esfor\u00e7 a favor de l&#8217;activitat ve\u00efnal.<\/p>\n<p><strong>&#8220;Teniu futur&#8221;<\/strong><\/p>\n<p>L&#8217;alcalde d&#8217;Elx, despr\u00e9s d&#8217;agrair la invitaci\u00f3 a l&#8217;acte, va indicar que &#8220;per al govern municipal \u00e9s una aut\u00e8ntica satisfacci\u00f3 estar hui ac\u00ed, compartir un dia important no solament per a la Federaci\u00f3 sin\u00f3 per a la ciutat. En aquests 40 anys de la Federaci\u00f3, que coincideixen amb els 40 anys de democr\u00e0cia municipal, crec que la transformaci\u00f3 i modernitzaci\u00f3 de la ciutat, a m\u00e9s de la millora de la qualitat de vida dels ciutadans i ciutadanes dels barris i les pedanies ha sigut el producte de l&#8217;esfor\u00e7 de les associacions de ve\u00efns i la receptivitat dels diferents governs&#8221;.<\/p>\n<p>&#8220;Les associacions de ve\u00efns i la Federaci\u00f3 heu sigut un motor fonamental d&#8217;aquest canvi que ha experimentat la nostra ciutat. Sense el vostre impuls i les vostres reivindicacions, Elx no seria el que \u00e9s en l&#8217;actualitat. Teniu un passat rellevant, per\u00f2 sobretot teniu un futur <span class=\"hiddenGrammarError\">per davant<\/span> que significa continuar contribuint d&#8217;una forma efectiva a transformar la ciutat i a contribuir al fet que continue progressant perqu\u00e8 els il\u00b7licitans i lesi l\u00b7licitanes visquen millor&#8221;, va assenyalar <span class=\"hiddenSpellError\">Carlos<\/span> Gonz\u00e1lez.<\/p>\n<p>&#8220;Estem satisfets del que ha sigut el moviment ve\u00efnal per a la nostra ciutat en aquests 40 anys per\u00f2 hem d&#8217;intensificar el treball, aprofundir i fer que el moviment associatiu tinga un paper protagonista en la definici\u00f3 de l&#8217;Elx que estem construint entre tots. Per aix\u00f2, per a aquest Govern i per a mi com a alcalde de la ciutat, en aquests pr\u00f2xims quatre anys el paper de la Federaci\u00f3 i de cadascuna de les associacions ha de ser determinant perqu\u00e8 amb les vostres idees fem un Elx millor, m\u00e9s solidari, amb m\u00e9s progr\u00e9s, prosperitat i llibertat&#8221;, va expressar el regidor il\u00b7licit\u00e0.<\/p>\n<p><strong>Reconeixements<\/strong><\/p>\n<p>La Federaci\u00f3 d&#8217;Associacions de Ve\u00efns va retre homenatge a t\u00edtol p\u00f2stum amb lliurament de plaques d&#8217;agra\u00efment per la seua tasca a <span class=\"hiddenSpellError\">Adolfo<\/span> Mart\u00ednez, <span class=\"hiddenSpellError\">Angelita<\/span> Grau i Jos\u00e9 <span class=\"hiddenSpellError\">Vicente<\/span> <span class=\"hiddenSpellError\">Quiles<\/span>. Tamb\u00e9 va ser reconegut el treball realitzat pels expresidents de la Federaci\u00f3 Jos\u00e9 Luis Miralles i <span class=\"hiddenSpellError\">Marisa<\/span> <span class=\"hiddenSpellError\">Bartolom\u00e9<\/span>.<\/p>\n<p>En el pla institucional van rebre sengles distincions el regidor de Comprom\u00eds i membre de l&#8217;equip de govern Felip S\u00e1nchez, edil de Participaci\u00f3 Ciutadana en la passada legislatura, i l&#8217;alcalde, pel seu suport a la Federaci\u00f3 i al moviment ve\u00efnal.<\/p>\n<p>L&#8217;acte va concloure amb un sopar a la sala d&#8217;exposicions del Centre de Congressos.<\/p>\n<p>Junta directiva<\/p>\n<p><span class=\"hiddenSpellError\">Bernardo<\/span> S\u00e1nchez (president)<\/p>\n<p><span class=\"hiddenSpellError\">Carmen<\/span> <span class=\"hiddenSpellError\">Buend\u00eda<\/span> (vicepresidenta)<\/p>\n<p>Jos\u00e9 Luis Sola (secretari)<\/p>\n<p><span class=\"hiddenGreenError\">Fini<\/span> Alonso (tresorera)<\/p>\n<p>Gabriela Grau, <span class=\"hiddenSpellError\">Joaqu\u00edn<\/span> L\u00f3pez, Sandra N\u00fa\u00f1ez, V\u00edctor <span class=\"hiddenSpellError\">Vicente<\/span> i <span class=\"hiddenSpellError\">Javier<\/span> Fern\u00e1ndez (vocals)<\/p>\n<p><span class=\"hiddenSpellError\">Javier<\/span> <span class=\"hiddenSpellError\">Rojas<\/span> (Comunicaci\u00f3, premsa i <span class=\"hiddenSpellError\">RRSS<\/span>)<\/p>\n<p><strong><span class=\"hiddenSpellError\">A<\/span> V pertanyents a la Federaci\u00f3:<\/strong><\/p>\n<p>AA.VV. Barrio Obrero deAltabix<\/p>\n<ol>\n<li>AA.VV. Matola<\/li>\n<li>AA.VV. Carr\u00fas-Pant\u00e0<\/li>\n<li>AA.VV. Atzavares<\/li>\n<li>AA.VV. Dones Ve\u00efnals<\/li>\n<li>AA.VV. L\u2019Altet<\/li>\n<li>AA.VV. Sant Antoni<\/li>\n<li>AA.VV. Partida d&#8217;Altabix<\/li>\n<li>AA.VV. Torrellano<\/li>\n<li>AA.VV. La Sabatillera<\/li>\n<li>AA.VV. Perleta-Maitino<\/li>\n<li>AA.VV. Algor\u00f3s<\/li>\n<li>AA.VV. Carr\u00fas Est<\/li>\n<li>AA.VV. Pla Nou<\/li>\n<li>AA.VV. Daim\u00e9s-Vinalop\u00f3<\/li>\n<li>AA.VV. Centre-Avinguda<\/li>\n<li>AA.VV. Poeta Miguel Hern\u00e1ndez<\/li>\n<li>AA.VV. Penya de les \u00c0guiles<\/li>\n<li>AA.VV. Daim\u00e9sDerramador<\/li>\n<li>AA.VV. Porfiri Pascual<\/li>\n<li>AA.VV. Algoda<\/li>\n<li>AA.VV. El Pla<\/li>\n<li>AA.VV. Raval<\/li>\n<li>AA.VV. Carr\u00fas-Magros-Vinalop\u00f3<\/li>\n<li>AA.VV. El Toscar<\/li>\n<li>AA.VV.\u00a0 Sant Crisp\u00ed<\/li>\n<li>AA.VV.\u00a0 Llar Jard\u00ed.<\/li>\n<li>AA.VV. Hort Ripoll<\/li>\n<li>AA.VV. Santa Anna<\/li>\n<li>AA.VV. La Baia<\/li>\n<li>AA.VV. Els Palmerars<\/li>\n<li>AA VV. Ciutat Esportiva Universit\u00e0ria<\/li>\n<li>AA.VV. La Foia<\/li>\n<li>AA.VV. Santa B\u00e0rbara<\/li>\n<li>AA.VV. G\u00e0l\u00b7lia-Partida d&#8217;Altabix.<\/li>\n<li>AA.VV. La Vallverda<\/li>\n<li>AA. de Ve\u00efnes i de Ve\u00efns dels Bassars.<\/li>\n<li>AA.VV. Lloma Sant Pere<\/li>\n<li>A. La Marina Espai Natural<\/li>\n<li>AA.VV. Els Arenals del Sol<\/li>\n<li>AA.VV. La Marina<\/li>\n<li>AA.VV. Bonavista<\/li>\n<li>AA.VV. Cam\u00ed dels\u00a0Pussos<\/li>\n<\/ol>\n<p>&nbsp;<\/p>\n","protected":false},"excerpt":{"rendered":"<p>L&#8217;entitat ret homenatge a Jos\u00e9 Vicente Quiles, Adolfo Mart\u00ednez i Angelita Grau, a t\u00edtol p\u00f2stum;\u00a0als expresidents Jos\u00e9 Luis Miralles i Marisa Bartolom\u00e9;\u00a0al regidor Felip\u00a0S\u00e1nchez i a l&#8217;alcalde, Carlos Gonz\u00e1lez Bernardo [&hellip;]<\/p>\n","protected":false},"author":131,"featured_media":98771,"comment_status":"closed","ping_status":"closed","sticky":false,"template":"","format":"standard","meta":{"footnotes":""},"categories":[1312],"tags":[],"class_list":["post-98791","post","type-post","status-publish","format-standard","has-post-thumbnail","hentry","category-noticias-va"],"_links":{"self":[{"href":"https:\/\/www.elche.es\/va\/wp-json\/wp\/v2\/posts\/98791","targetHints":{"allow":["GET"]}}],"collection":[{"href":"https:\/\/www.elche.es\/va\/wp-json\/wp\/v2\/posts"}],"about":[{"href":"https:\/\/www.elche.es\/va\/wp-json\/wp\/v2\/types\/post"}],"author":[{"embeddable":true,"href":"https:\/\/www.elche.es\/va\/wp-json\/wp\/v2\/users\/131"}],"replies":[{"embeddable":true,"href":"https:\/\/www.elche.es\/va\/wp-json\/wp\/v2\/comments?post=98791"}],"version-history":[{"count":0,"href":"https:\/\/www.elche.es\/va\/wp-json\/wp\/v2\/posts\/98791\/revisions"}],"wp:featuredmedia":[{"embeddable":true,"href":"https:\/\/www.elche.es\/va\/wp-json\/wp\/v2\/media\/98771"}],"wp:attachment":[{"href":"https:\/\/www.elche.es\/va\/wp-json\/wp\/v2\/media?parent=98791"}],"wp:term":[{"taxonomy":"category","embeddable":true,"href":"https:\/\/www.elche.es\/va\/wp-json\/wp\/v2\/categories?post=98791"},{"taxonomy":"post_tag","embeddable":true,"href":"https:\/\/www.elche.es\/va\/wp-json\/wp\/v2\/tags?post=98791"}],"curies":[{"name":"wp","href":"https:\/\/api.w.org\/{rel}","templated":true}]}}