{"id":99066,"date":"2019-09-12T13:22:36","date_gmt":"2019-09-12T12:22:36","guid":{"rendered":"http:\/\/www.elche.es\/va\/2019\/09\/el-ayuntamiento-decreta-el-cierre-de-todas-las-instalaciones-deportivas-esta-tarde-y-de-los-colegios-manana-por-la-persistencia-de-la-alerta-roja\/"},"modified":"2019-09-13T07:36:11","modified_gmt":"2019-09-13T06:36:11","slug":"el-ayuntamiento-decreta-el-cierre-de-todas-las-instalaciones-deportivas-esta-tarde-y-de-los-colegios-manana-por-la-persistencia-de-la-alerta-roja","status":"publish","type":"post","link":"https:\/\/www.elche.es\/va\/2019\/09\/el-ayuntamiento-decreta-el-cierre-de-todas-las-instalaciones-deportivas-esta-tarde-y-de-los-colegios-manana-por-la-persistencia-de-la-alerta-roja\/","title":{"rendered":"L&#8217;Ajuntament decreta el tancament de totes les instal\u00b7lacions esportives aquesta vesprada i dels col\u00b7legis dem\u00e0 per la persist\u00e8ncia de l&#8217;alerta roja"},"content":{"rendered":"<p>L&#8217;Ajuntament d&#8217;Elx ha decretat el tancament de totes les instal\u00b7lacions esportives municipals, tant a l&#8217;aire lliure com cobertes, aquesta vesprada com a conseq\u00fc\u00e8ncia de l&#8217;alerta roja en la qual ens trobem. Tamb\u00e9 romandran tancats els parcs i horts p\u00fablics. A m\u00e9s, davant la previsi\u00f3 que la m\u00e0xima alerta es prolongue durant les pr\u00f2ximes 24 hores, s&#8217;ha decretat la suspensi\u00f3 de les classes en els centres escolars per a dem\u00e0 divendres, 13 de setembre.<\/p>\n<p>Des dels serveis d&#8217;Emerg\u00e8ncies municipals s&#8217;estan adoptant totes les mesures necess\u00e0ries per a minimitzar les conseq\u00fc\u00e8ncies del temporal.<\/p>\n<p>A m\u00e9s, s&#8217;aconsella a la ciutadania no agafar el vehicle si no \u00e9s imprescindible i evitar transitar per zones inundables.<\/p>\n<p>D&#8217;altra banda, es mant\u00e9 el protocol d&#8217;atenci\u00f3 a persones sense llar per a facilitar-los el trasllat a un alberg on puguen resguardar-se el temporal.<\/p>\n","protected":false},"excerpt":{"rendered":"<p>L&#8217;Ajuntament d&#8217;Elx ha decretat el tancament de totes les instal\u00b7lacions esportives municipals, tant a l&#8217;aire lliure com cobertes, aquesta vesprada com a conseq\u00fc\u00e8ncia de l&#8217;alerta roja en la qual ens [&hellip;]<\/p>\n","protected":false},"author":131,"featured_media":93300,"comment_status":"closed","ping_status":"closed","sticky":false,"template":"","format":"standard","meta":{"footnotes":""},"categories":[194,1546,1108,187,391],"tags":[],"class_list":["post-99066","post","type-post","status-publish","format-standard","has-post-thumbnail","hentry","category-educacio-va","category-emergencias-va","category-escoles-infantils","category-esports","category-home-va"],"_links":{"self":[{"href":"https:\/\/www.elche.es\/va\/wp-json\/wp\/v2\/posts\/99066","targetHints":{"allow":["GET"]}}],"collection":[{"href":"https:\/\/www.elche.es\/va\/wp-json\/wp\/v2\/posts"}],"about":[{"href":"https:\/\/www.elche.es\/va\/wp-json\/wp\/v2\/types\/post"}],"author":[{"embeddable":true,"href":"https:\/\/www.elche.es\/va\/wp-json\/wp\/v2\/users\/131"}],"replies":[{"embeddable":true,"href":"https:\/\/www.elche.es\/va\/wp-json\/wp\/v2\/comments?post=99066"}],"version-history":[{"count":0,"href":"https:\/\/www.elche.es\/va\/wp-json\/wp\/v2\/posts\/99066\/revisions"}],"wp:featuredmedia":[{"embeddable":true,"href":"https:\/\/www.elche.es\/va\/wp-json\/wp\/v2\/media\/93300"}],"wp:attachment":[{"href":"https:\/\/www.elche.es\/va\/wp-json\/wp\/v2\/media?parent=99066"}],"wp:term":[{"taxonomy":"category","embeddable":true,"href":"https:\/\/www.elche.es\/va\/wp-json\/wp\/v2\/categories?post=99066"},{"taxonomy":"post_tag","embeddable":true,"href":"https:\/\/www.elche.es\/va\/wp-json\/wp\/v2\/tags?post=99066"}],"curies":[{"name":"wp","href":"https:\/\/api.w.org\/{rel}","templated":true}]}}