{"id":99283,"date":"2019-09-17T13:06:46","date_gmt":"2019-09-17T12:06:46","guid":{"rendered":"http:\/\/www.elche.es\/va\/?p=99283"},"modified":"2019-09-17T13:06:46","modified_gmt":"2019-09-17T12:06:46","slug":"afae-reivindica-una-necessaria-evolucio-per-a-garantir-la-comprensio-i-labordatge-integral-de-lalzheimer","status":"publish","type":"post","link":"https:\/\/www.elche.es\/va\/2019\/09\/afae-reivindica-una-necessaria-evolucio-per-a-garantir-la-comprensio-i-labordatge-integral-de-lalzheimer\/","title":{"rendered":"AFAE reivindica una necess\u00e0ria #EVOLUCI\u00d3 per a garantir la comprensi\u00f3 i l&#8217;abordatge integral de l&#8217;Alzheimer"},"content":{"rendered":"<blockquote><p>AFAE, Associaci\u00f3 de Familiars de Persones amb Alzheimer d&#8217;Elx dona suport a qualsevol acci\u00f3 o mesura que puga buscar la reflexi\u00f3 i fer prendre consci\u00e8ncia que els temps canvien i, amb ells, tot el relacionat amb les dem\u00e8ncies en general i amb l&#8217;Alzheimer en particular. Si les necessitats evolucionen, cal que les respostes ho facen tamb\u00e9<\/p><\/blockquote>\n<p>AFAE, pertanyent a la Federaci\u00f3 d&#8217;Alzheimer de la Comunitat Valenciana (FEVAFA), reivindica una necess\u00e0ria evoluci\u00f3 per a garantir la comprensi\u00f3 i l&#8217;adequat abordatge integral de l&#8217;Alzheimer, en el dia mundial d&#8217;aquesta malaltia, que enguany porta per lema #EVOLUCI\u00d3. En aquest sentit donem suport a qualsevol acci\u00f3 o mesura que puga buscar la reflexi\u00f3 i fer prendre consci\u00e8ncia que els temps canvien i, amb ells, tot el relacionat amb les dem\u00e8ncies en general i amb l&#8217;Alzheimer en particular. Si les necessitats evolucionen, cal que les respostes ho facen tamb\u00e9.<\/p>\n<p>Aix\u00ed, amb motiu del Dia Mundial de l&#8217;Alzheimer volem reivindicar una evoluci\u00f3 en tots els sentits: demogr\u00e0fica (recursos oportuns en quantitat i qualitat), familiar (suport al cuidador), de la mateixa dem\u00e8ncia (especialitzaci\u00f3), de la depend\u00e8ncia (considerar les circumst\u00e0ncies espec\u00edfiques), del binomi malalt-cuidador, evoluci\u00f3 per a la no exclusi\u00f3 de la societat, evoluci\u00f3 en la cura (ter\u00e0pies no farmacol\u00f2giques), en les associacions (refor\u00e7 i millora cont\u00ednua), en la investigaci\u00f3 i en la pol\u00edtica (Pla Nacional d&#8217;Alzheimer).<\/p>\n<p>En definitiva, davant necessitats canviants, s\u00f3n imprescindibles les respostes adaptades. Es requereix una evoluci\u00f3 en la concepci\u00f3, comprensi\u00f3 i abordatge de les dem\u00e8ncies en general, i de l&#8217;Alzheimer en particular, basada en una pol\u00edtica de protecci\u00f3 adaptada a la persona.<\/p>\n<p>\u201cSi ells ja no et recorden, tu no els oblides&#8221;<\/p>\n<p>&nbsp;<\/p>\n","protected":false},"excerpt":{"rendered":"<p>AFAE, Associaci\u00f3 de Familiars de Persones amb Alzheimer d&#8217;Elx dona suport a qualsevol acci\u00f3 o mesura que puga buscar la reflexi\u00f3 i fer prendre consci\u00e8ncia que els temps canvien i, [&hellip;]<\/p>\n","protected":false},"author":15,"featured_media":99275,"comment_status":"closed","ping_status":"closed","sticky":false,"template":"","format":"standard","meta":{"footnotes":""},"categories":[209,391],"tags":[],"class_list":["post-99283","post","type-post","status-publish","format-standard","has-post-thumbnail","hentry","category-igualtat-va","category-home-va"],"_links":{"self":[{"href":"https:\/\/www.elche.es\/va\/wp-json\/wp\/v2\/posts\/99283","targetHints":{"allow":["GET"]}}],"collection":[{"href":"https:\/\/www.elche.es\/va\/wp-json\/wp\/v2\/posts"}],"about":[{"href":"https:\/\/www.elche.es\/va\/wp-json\/wp\/v2\/types\/post"}],"author":[{"embeddable":true,"href":"https:\/\/www.elche.es\/va\/wp-json\/wp\/v2\/users\/15"}],"replies":[{"embeddable":true,"href":"https:\/\/www.elche.es\/va\/wp-json\/wp\/v2\/comments?post=99283"}],"version-history":[{"count":0,"href":"https:\/\/www.elche.es\/va\/wp-json\/wp\/v2\/posts\/99283\/revisions"}],"wp:featuredmedia":[{"embeddable":true,"href":"https:\/\/www.elche.es\/va\/wp-json\/wp\/v2\/media\/99275"}],"wp:attachment":[{"href":"https:\/\/www.elche.es\/va\/wp-json\/wp\/v2\/media?parent=99283"}],"wp:term":[{"taxonomy":"category","embeddable":true,"href":"https:\/\/www.elche.es\/va\/wp-json\/wp\/v2\/categories?post=99283"},{"taxonomy":"post_tag","embeddable":true,"href":"https:\/\/www.elche.es\/va\/wp-json\/wp\/v2\/tags?post=99283"}],"curies":[{"name":"wp","href":"https:\/\/api.w.org\/{rel}","templated":true}]}}