{"id":99320,"date":"2019-09-18T09:11:11","date_gmt":"2019-09-18T08:11:11","guid":{"rendered":"http:\/\/www.elche.es\/va\/?p=99320"},"modified":"2019-09-18T09:18:16","modified_gmt":"2019-09-18T08:18:16","slug":"sanitat-reforca-la-campanya-de-fumigacio-despres-dels-episodis-de-pluges-torrencials","status":"publish","type":"post","link":"https:\/\/www.elche.es\/va\/2019\/09\/sanitat-reforca-la-campanya-de-fumigacio-despres-dels-episodis-de-pluges-torrencials\/","title":{"rendered":"Sanitat refor\u00e7a la campanya de fumigaci\u00f3 despr\u00e9s dels episodis de pluges torrencials"},"content":{"rendered":"<blockquote><p>Als mitjans ja existents, s&#8217;ha afegit cinc canons adulticides i dues cubes de gran capacitat s&#8217;afigen als mitjans ja existents<\/p><\/blockquote>\n<p>La regidoria de Sanitat de l&#8217;Ajuntament d&#8217;Elx ha refor\u00e7at la campanya de fumigaci\u00f3 despr\u00e9s de la DANA, els episodis de pluges torrencials que han afectat a tota la prov\u00edncia durant l&#8217;\u00faltima setmana. La responsable de l&#8217;\u00e0rea, Mariola Galiana, i la supervisora t\u00e8cnica de CTL, Estefan\u00eda Hern\u00e1ndez, l&#8217;empresa encarregada d&#8217;aplicar els tractaments plaguicides en el municipi, han informat que s&#8217;estan emprant tots els recursos disponibles per a minimitzar la proliferaci\u00f3 de mosquits per les altes temperatures des del diumenge 15 de setembre a primera hora, doblegant i intensificant la labor que es realitza de manera habitual.<\/p>\n<p>Per a aix\u00f2, s&#8217;estan inspeccionant, catalogant i fumigant especialment aquelles zones amb quantitat d&#8217;aigua acumulada, com l&#8217;Altet,\u00a0 els Arenals, els Bassars i els saladars pr\u00f2xims a la Foia i la Baia, o en zones pr\u00f2ximes al Fondo. Ara, la dificultat radica en l&#8217;acc\u00e9s a aquelles \u00e0rees encara negades pel fang i l&#8217;aigua o en les parcel\u00b7les de propietat privada, en les quals abunden tolls, tests, bidons, basses en des\u00fas i piscines sense clorar. Cinc canons adulticides i dues cubes s&#8217;han incorporat als mitjans ja existents per a, una vegada que proliferen els mosquits adults, neutralitzar-los el m\u00e9s r\u00e0pidament possible.<\/p>\n<p>De tota manera, Galiana ha apel\u00b7lat a la comprensi\u00f3 ciutadana, doncs malgrat l&#8217;actuaci\u00f3 de l&#8217;Ajuntament, que treballa per a minimitzar les mol\u00e8sties d&#8217;aquests insectes, no en descarta la pres\u00e8ncia, at\u00e9s que algunes de les localitats pr\u00f2ximes encara segueixen negades per l&#8217;aigua, i els mosquits no coneixen de l\u00edmits municipals. Hern\u00e1ndez, per part seua, ha recordat que el tractament no perjudica peixos i ocells.<\/p>\n<p><b>Afectats per les pluges<\/b><\/p>\n<p>Galiana ha volgut transmetre el suport i la solidaritat de l&#8217;Equip de Govern als municipis damnificats per la DANA, i ha recordat que l&#8217;Ajuntament il\u00b7licit\u00e0 est\u00e0 treballant conjuntament \u201cde manera molt intensa\u201d amb els mateixos per a desplegar el personal, els vehicles, la roba i els aliments per a ajudar \u201cels nostres ve\u00efns en tot el necessari\u201d.<\/p>\n<p>&nbsp;<\/p>\n","protected":false},"excerpt":{"rendered":"<p>Als mitjans ja existents, s&#8217;ha afegit cinc canons adulticides i dues cubes de gran capacitat s&#8217;afigen als mitjans ja existents La regidoria de Sanitat de l&#8217;Ajuntament d&#8217;Elx ha refor\u00e7at la [&hellip;]<\/p>\n","protected":false},"author":15,"featured_media":99309,"comment_status":"closed","ping_status":"closed","sticky":false,"template":"","format":"standard","meta":{"footnotes":""},"categories":[190],"tags":[],"class_list":["post-99320","post","type-post","status-publish","format-standard","has-post-thumbnail","hentry","category-drets-socials"],"_links":{"self":[{"href":"https:\/\/www.elche.es\/va\/wp-json\/wp\/v2\/posts\/99320","targetHints":{"allow":["GET"]}}],"collection":[{"href":"https:\/\/www.elche.es\/va\/wp-json\/wp\/v2\/posts"}],"about":[{"href":"https:\/\/www.elche.es\/va\/wp-json\/wp\/v2\/types\/post"}],"author":[{"embeddable":true,"href":"https:\/\/www.elche.es\/va\/wp-json\/wp\/v2\/users\/15"}],"replies":[{"embeddable":true,"href":"https:\/\/www.elche.es\/va\/wp-json\/wp\/v2\/comments?post=99320"}],"version-history":[{"count":0,"href":"https:\/\/www.elche.es\/va\/wp-json\/wp\/v2\/posts\/99320\/revisions"}],"wp:featuredmedia":[{"embeddable":true,"href":"https:\/\/www.elche.es\/va\/wp-json\/wp\/v2\/media\/99309"}],"wp:attachment":[{"href":"https:\/\/www.elche.es\/va\/wp-json\/wp\/v2\/media?parent=99320"}],"wp:term":[{"taxonomy":"category","embeddable":true,"href":"https:\/\/www.elche.es\/va\/wp-json\/wp\/v2\/categories?post=99320"},{"taxonomy":"post_tag","embeddable":true,"href":"https:\/\/www.elche.es\/va\/wp-json\/wp\/v2\/tags?post=99320"}],"curies":[{"name":"wp","href":"https:\/\/api.w.org\/{rel}","templated":true}]}}