{"id":99433,"date":"2019-09-19T09:03:20","date_gmt":"2019-09-19T08:03:20","guid":{"rendered":"http:\/\/www.elche.es\/va\/?p=99433"},"modified":"2019-09-19T09:03:20","modified_gmt":"2019-09-19T08:03:20","slug":"la-regidoria-de-desenvolupament-rural-demanara-que-sincloguen-com-a-zona-catastrofica-les-arees-afectades-per-la-dana-en-el-camp-delx","status":"publish","type":"post","link":"https:\/\/www.elche.es\/va\/2019\/09\/la-regidoria-de-desenvolupament-rural-demanara-que-sincloguen-com-a-zona-catastrofica-les-arees-afectades-per-la-dana-en-el-camp-delx\/","title":{"rendered":"La Regidoria de Desenvolupament Rural demanar\u00e0 que s&#8217;incloguen com a zona catastr\u00f2fica les \u00e0rees afectades per la DANA en el Camp d&#8217;Elx"},"content":{"rendered":"<blockquote><p>El regidor de l&#8217;\u00e0rea, Felip S\u00e1nchez, visita les pedanies afectades pel temporal per a comprovar l&#8217;abast dels danys<\/p><\/blockquote>\n<p>La regidoria de Desenvolupament Rural portar\u00e0 una moci\u00f3 d&#8217;urg\u00e8ncia a la Junta de Govern Local de l&#8217;Ajuntament d&#8217;Elx per a estudiar la sol\u00b7licitud de declaraci\u00f3 de zona catastr\u00f2fica amb la finalitat que les persones afectades per la gota freda en el terme municipal il\u00b7licit\u00e0 reben al m\u00e9s prompte possible les ajudes per a pal\u00b7liar els efectes en cultius, habitatges i infraestructures h\u00eddriques.<\/p>\n<p>El regidor de Desenvolupament Rural, Felip <span class=\"hiddenSpellError\">S\u00e0nchez<\/span>, va visitar dimarts les zones afectades pel temporal <span class=\"hiddenSpellError\">DANA<\/span> al Camp d&#8217;Elx, que s&#8217;han vist tamb\u00e9 anegades, com \u00e9s l&#8217;\u00e0rea del cultiu del mel\u00f3 de Carrissars, zona que continua desguassant, i l&#8217;Elevaci\u00f3 de Regs del Progr\u00e9s, infraestructura que ha patit l&#8217;enfonsament del mur de part del canal, cosa que impedir\u00e0 aix\u00ed el futur reg.<\/p>\n<p>Acompanyat del president de la Comunitat de Regants de Carrissars, <span class=\"hiddenSpellError\">Fernando<\/span> <span class=\"hiddenSpellError\">Ant\u00f3n<\/span>, i el president de la Comunitat de Regants de Regs del Progr\u00e9s, <span class=\"hiddenSpellError\">Pascual<\/span> Serrano, el regidor ha comprovat de primera m\u00e0 els terribles efectes de la gota freda en el municipi que de moment han fet malb\u00e9 cultius de les hortalisses d&#8217;hivern com el br\u00f2coli i el romanesco, a m\u00e9s del cultiu de mel\u00f3 de Carrissars tard\u00e0, i que han provocat l&#8217;esfondrament del canal de l&#8217;Elevaci\u00f3 de Regs del Progr\u00e9s.<\/p>\n<p>&#8220;L&#8217;Ajuntament d&#8217;Elx estar\u00e0 al costat dels agricultors en la reclamaci\u00f3 de zona catastr\u00f2fica en aquests terrenys adjacents amb la Vega Baixa perqu\u00e8 tamb\u00e9 puguen rebre les ajudes i intentar reparar al m\u00e9s prompte possible els terribles danys del temporal <span class=\"hiddenSpellError\">DANA<\/span>. Treballem perqu\u00e8 els agricultors del Camp d&#8217;Elx tornen a la normalitat al m\u00e9s prompte possible&#8221;, ha assenyalat <span class=\"hiddenSpellError\">S\u00e0nchez<\/span>, qui ha lamentat &#8220;les tremendes p\u00e8rdues econ\u00f2miques pel que fa als cultius i a la contractaci\u00f3 de jornalers per a la temporada de les hortalisses d&#8217;hivern, zona cultivable del municipi que s&#8217;ha convertit en la desembocadura natural del Segura i que ha provocat la inundaci\u00f3 de part del Camp d&#8217;Elx&#8221;.<\/p>\n<p>&nbsp;<\/p>\n","protected":false},"excerpt":{"rendered":"<p>El regidor de l&#8217;\u00e0rea, Felip S\u00e1nchez, visita les pedanies afectades pel temporal per a comprovar l&#8217;abast dels danys La regidoria de Desenvolupament Rural portar\u00e0 una moci\u00f3 d&#8217;urg\u00e8ncia a la Junta [&hellip;]<\/p>\n","protected":false},"author":15,"featured_media":99378,"comment_status":"closed","ping_status":"closed","sticky":false,"template":"","format":"standard","meta":{"footnotes":""},"categories":[1546,391,211],"tags":[],"class_list":["post-99433","post","type-post","status-publish","format-standard","has-post-thumbnail","hentry","category-emergencias-va","category-home-va","category-medi-ambient-va"],"_links":{"self":[{"href":"https:\/\/www.elche.es\/va\/wp-json\/wp\/v2\/posts\/99433","targetHints":{"allow":["GET"]}}],"collection":[{"href":"https:\/\/www.elche.es\/va\/wp-json\/wp\/v2\/posts"}],"about":[{"href":"https:\/\/www.elche.es\/va\/wp-json\/wp\/v2\/types\/post"}],"author":[{"embeddable":true,"href":"https:\/\/www.elche.es\/va\/wp-json\/wp\/v2\/users\/15"}],"replies":[{"embeddable":true,"href":"https:\/\/www.elche.es\/va\/wp-json\/wp\/v2\/comments?post=99433"}],"version-history":[{"count":0,"href":"https:\/\/www.elche.es\/va\/wp-json\/wp\/v2\/posts\/99433\/revisions"}],"wp:featuredmedia":[{"embeddable":true,"href":"https:\/\/www.elche.es\/va\/wp-json\/wp\/v2\/media\/99378"}],"wp:attachment":[{"href":"https:\/\/www.elche.es\/va\/wp-json\/wp\/v2\/media?parent=99433"}],"wp:term":[{"taxonomy":"category","embeddable":true,"href":"https:\/\/www.elche.es\/va\/wp-json\/wp\/v2\/categories?post=99433"},{"taxonomy":"post_tag","embeddable":true,"href":"https:\/\/www.elche.es\/va\/wp-json\/wp\/v2\/tags?post=99433"}],"curies":[{"name":"wp","href":"https:\/\/api.w.org\/{rel}","templated":true}]}}